{"id":1016,"date":"2010-11-11T18:17:10","date_gmt":"2010-11-11T18:17:10","guid":{"rendered":"http:\/\/www2.nasaacin.org\/index.php\/2010\/11\/11\/conociendo-la-comunicacion-de-los-pueblos-indigenas\/"},"modified":"2010-11-11T18:17:10","modified_gmt":"2010-11-11T18:17:10","slug":"conociendo-la-comunicacion-de-los-pueblos-indigenas","status":"publish","type":"post","link":"https:\/\/tejidohistorico.afrodescendientes.com\/index.php\/2010\/11\/11\/conociendo-la-comunicacion-de-los-pueblos-indigenas\/","title":{"rendered":"Conociendo la comunicaci\u00f3n de los pueblos indigenas"},"content":{"rendered":"<p class=\"MsoNormal\"><span lang=\"ES\">Adrian Velasco integrante de la universidad del cauca. Est\u00e1n interesados en conocer la situaci\u00f3n de los pueblos ind\u00edgenas en Latinoam\u00e9rica. Tambi\u00e9n esta conociendo como se les esta dando el uso de las tecnolog\u00edas que est\u00e1n siendo apropiados pos los pueblos abor\u00edgenes.<\/span><\/p>\n<p>{mp3remote}http:\/\/www.nasaacin.org\/images\/audios\/cumbre_comunicacion2010\/Adrian-unicauca.mp3{\/mp3remote}<\/p>\n","protected":false},"excerpt":{"rendered":"<p>Adrian Velasco integrante de la universidad del cauca. Est\u00e1n interesados en conocer la situaci\u00f3n de los pueblos ind\u00edgenas en Latinoam\u00e9rica. Tambi\u00e9n esta conociendo como se les esta dando el uso de las [&hellip;]<\/p>\n","protected":false},"author":1,"featured_media":0,"comment_status":"open","ping_status":"open","sticky":false,"template":"","format":"standard","meta":[],"categories":[47],"tags":[],"_links":{"self":[{"href":"https:\/\/tejidohistorico.afrodescendientes.com\/index.php\/wp-json\/wp\/v2\/posts\/1016"}],"collection":[{"href":"https:\/\/tejidohistorico.afrodescendientes.com\/index.php\/wp-json\/wp\/v2\/posts"}],"about":[{"href":"https:\/\/tejidohistorico.afrodescendientes.com\/index.php\/wp-json\/wp\/v2\/types\/post"}],"author":[{"embeddable":true,"href":"https:\/\/tejidohistorico.afrodescendientes.com\/index.php\/wp-json\/wp\/v2\/users\/1"}],"replies":[{"embeddable":true,"href":"https:\/\/tejidohistorico.afrodescendientes.com\/index.php\/wp-json\/wp\/v2\/comments?post=1016"}],"version-history":[{"count":0,"href":"https:\/\/tejidohistorico.afrodescendientes.com\/index.php\/wp-json\/wp\/v2\/posts\/1016\/revisions"}],"wp:attachment":[{"href":"https:\/\/tejidohistorico.afrodescendientes.com\/index.php\/wp-json\/wp\/v2\/media?parent=1016"}],"wp:term":[{"taxonomy":"category","embeddable":true,"href":"https:\/\/tejidohistorico.afrodescendientes.com\/index.php\/wp-json\/wp\/v2\/categories?post=1016"},{"taxonomy":"post_tag","embeddable":true,"href":"https:\/\/tejidohistorico.afrodescendientes.com\/index.php\/wp-json\/wp\/v2\/tags?post=1016"}],"curies":[{"name":"wp","href":"https:\/\/api.w.org\/{rel}","templated":true}]}}