{"id":1056,"date":"2010-11-18T20:53:19","date_gmt":"2010-11-18T20:53:19","guid":{"rendered":"http:\/\/www2.nasaacin.org\/index.php\/2010\/11\/18\/foro-de-los-pueblos-indigenas-hace-un-llamado-a-la-unidad-continental\/"},"modified":"2010-11-18T20:53:19","modified_gmt":"2010-11-18T20:53:19","slug":"foro-de-los-pueblos-indigenas-hace-un-llamado-a-la-unidad-continental","status":"publish","type":"post","link":"https:\/\/tejidohistorico.afrodescendientes.com\/index.php\/2010\/11\/18\/foro-de-los-pueblos-indigenas-hace-un-llamado-a-la-unidad-continental\/","title":{"rendered":"Foro de los Pueblos Ind\u00edgenas hace un llamado a la unidad continental"},"content":{"rendered":"<p>Con una impresionante ceremonia espiritual de agradecimiento a la Madre Tierra se inici\u00f3 hoy en el Museo de la Naci\u00f3n el Foro de los Pueblos Ind\u00edgenas Miner\u00eda, Cambio Clim\u00e1tico y Buen Vivir, en el que participan delegaciones de Norte, Centro y Sur Am\u00e9rica, \u00c1frica y Europa.<\/p>\n<p>  <!--more-->  <\/p>\n<p>Desde las 9 de la ma\u00f1ana, m\u00e1s de trescientas personas, representantes de organizaciones ind\u00edgenas nacionales y regionales, e instituciones que defienden los derechos de los pueblos y de la Madre Tierra, organismos de las Naciones Unidas, entre otros, se reunieron para articular estrategias y construir la unidad.<\/p>\n<p>Las palabras de bienvenida\u00a0 estuvieron a cargo de Magdiel Carri\u00f3n Pintado, Presidente de la Coordinadora Nacional de Comunidades del Per\u00fa Afectadas por la Miner\u00eda, quien salud\u00f3 a las delegaciones presentes y expres\u00f3 su deseo de que el Foro sea un espacio de fortalecimiento organizacional y de la resistencia ind\u00edgena.<\/p>\n<p>Los saludos de las organizaciones participantes coincidieron en reafirmar su compromiso de avanzar en la unidad del movimiento ind\u00edgena, la defensa de la Madre Tierra y la construcci\u00f3n de estrategias hacia la Conferencia de Partes de Canc\u00fan (COP16) y m\u00e1s all\u00e1.<\/p>\n<p>Al hacer la presentaci\u00f3n del Foro, Miguel Palac\u00edn Quispe, Coordinador General de la Coordinadora Andina de Organizaciones Ind\u00edgenas (CAOI) dijo que su realizaci\u00f3n es resultado de un proceso de la propia CAOI, que incluy\u00f3 reuniones, investigaciones y debates. Y de un trabajo conjunto con el Consejo Ind\u00edgena de Centro Am\u00e9rica (CICA), la Coordinadora de las Organizaciones Ind\u00edgenas de la Cuenca Amaz\u00f3nica (COICA), la Alianza Social Continental y otras organizaciones que se fueron sumando al proceso.<\/p>\n<p>Se\u00f1al\u00f3 que la miner\u00eda es destructiva, contaminante, genera conflictos, desplazamiento, criminalizaci\u00f3n y militarizaci\u00f3n del territorio. Y que las mayores consecuencias de la crisis clim\u00e1tica y de los impactos de la miner\u00eda las sufrimos los pueblos ind\u00edgenas, porque albergamos la mayor biodiversidad. Por ejemplo, el 92% de los glaciares est\u00e1n en Suram\u00e9rica y est\u00e1n desapareciendo, amenazando con dejarnos sin agua.<\/p>\n<p>\u201cAqu\u00ed vamos a consolidar el paradigma alternativo a la crisis de civilizaci\u00f3n y clim\u00e1tica: el buen vivir. No queremos otro Copenhague en Canc\u00fan. Hemos articulado el Foro de Pueblos\u00a0 Ind\u00edgenas del Abya Yala. Debemos pensar m\u00e1s all\u00e1 de Canc\u00fan, cuestionar las falsas soluciones a la crisis clim\u00e1tica\u00a0 y articular nuestras propias propuestas. Debemos juntarnos como los r\u00edos, pueblo a pueblo, pa\u00eds a pa\u00eds. Construir el tribunal de justicia clim\u00e1tica para juzgar a las multinacionales responsables y los gobiernos c\u00f3mplices. Insistir en la unidad\u201d, subray\u00f3.<\/p>\n<p>\u00a0<\/p>\n<p>\u00a0<\/p>\n<p><a href=\"http:\/\/minkandina.org\/\">http:\/\/minkandina.org<\/a><\/p>\n","protected":false},"excerpt":{"rendered":"<p>Con una impresionante ceremonia espiritual de agradecimiento a la Madre Tierra se inici\u00f3 hoy en el Museo de la Naci\u00f3n el Foro de los Pueblos Ind\u00edgenas Miner\u00eda, Cambio Clim\u00e1tico y Buen Vivir, [&hellip;]<\/p>\n","protected":false},"author":1,"featured_media":0,"comment_status":"open","ping_status":"open","sticky":false,"template":"","format":"standard","meta":[],"categories":[75],"tags":[],"_links":{"self":[{"href":"https:\/\/tejidohistorico.afrodescendientes.com\/index.php\/wp-json\/wp\/v2\/posts\/1056"}],"collection":[{"href":"https:\/\/tejidohistorico.afrodescendientes.com\/index.php\/wp-json\/wp\/v2\/posts"}],"about":[{"href":"https:\/\/tejidohistorico.afrodescendientes.com\/index.php\/wp-json\/wp\/v2\/types\/post"}],"author":[{"embeddable":true,"href":"https:\/\/tejidohistorico.afrodescendientes.com\/index.php\/wp-json\/wp\/v2\/users\/1"}],"replies":[{"embeddable":true,"href":"https:\/\/tejidohistorico.afrodescendientes.com\/index.php\/wp-json\/wp\/v2\/comments?post=1056"}],"version-history":[{"count":0,"href":"https:\/\/tejidohistorico.afrodescendientes.com\/index.php\/wp-json\/wp\/v2\/posts\/1056\/revisions"}],"wp:attachment":[{"href":"https:\/\/tejidohistorico.afrodescendientes.com\/index.php\/wp-json\/wp\/v2\/media?parent=1056"}],"wp:term":[{"taxonomy":"category","embeddable":true,"href":"https:\/\/tejidohistorico.afrodescendientes.com\/index.php\/wp-json\/wp\/v2\/categories?post=1056"},{"taxonomy":"post_tag","embeddable":true,"href":"https:\/\/tejidohistorico.afrodescendientes.com\/index.php\/wp-json\/wp\/v2\/tags?post=1056"}],"curies":[{"name":"wp","href":"https:\/\/api.w.org\/{rel}","templated":true}]}}