{"id":1067,"date":"2010-11-22T17:53:52","date_gmt":"2010-11-22T17:53:52","guid":{"rendered":"http:\/\/www2.nasaacin.org\/index.php\/2010\/11\/22\/una-afrenta-a-la-soberania-nacional\/"},"modified":"2010-11-22T17:53:52","modified_gmt":"2010-11-22T17:53:52","slug":"una-afrenta-a-la-soberania-nacional","status":"publish","type":"post","link":"https:\/\/tejidohistorico.afrodescendientes.com\/index.php\/2010\/11\/22\/una-afrenta-a-la-soberania-nacional\/","title":{"rendered":"Una afrenta a la soberan\u00eda nacional"},"content":{"rendered":"<p \/>Apenas a una semana de que la Fiscal\u00eda le imputara cargos por el esc\u00e1ndalo de las &#8216;chuzadas&#8217; del DAS y el mismo d\u00eda que la Procuradur\u00eda confirmaba su destituci\u00f3n e inhabilidad por 18 a\u00f1os, el gobierno de Panam\u00e1 le concedi\u00f3 asilo territorial a la ex directora del DAS Mar\u00eda del Pilar Hurtado.   <!--more-->  <\/p>\n<p>Con una petici\u00f3n sustentada en una alegada falta de garant\u00edas y en la constante filtraci\u00f3n de informaci\u00f3n a los medios, hechos que la llevaban a sentirse condenada de antemano, Hurtado ha conseguido, de la mano del gobierno paname\u00f1o, burlarse de nuestra justicia. Una burla que adem\u00e1s de poner en entredicho la competencia del Estado, deja de presente un uso impropio de la figura del asilo. A Mar\u00eda del Pilar Hurtado no le fueron violados sus derechos fundamentales. Simplemente se le abri\u00f3 un proceso penal, bajo el amparo de toda legalidad.<\/p>\n<p>Resulta rid\u00edculo, por decir lo menos, que por estar alguien sometido a la justicia un pa\u00eds pueda conceder impunemente un asilo. Pero igual o m\u00e1s rid\u00edculo a\u00fan es que el pa\u00eds que ha recibido tal afrenta responda diciendo que \u201caceptamos la decisi\u00f3n\u201d, concediendo de manera t\u00e1cita la culpa, como lo hizo el viernes pasado la canciller Holgu\u00edn, quien s\u00f3lo lament\u00f3 que el gobierno del presidente Ricardo Martinelli no hubiera \u201cconsultado\u201d al gobierno Santos teniendo en cuenta la \u201crelaci\u00f3n tan buena y tan fruct\u00edfera\u201d que hay entre ambos pa\u00edses. \u00bfQu\u00e9 se pod\u00eda esperar acaso que consultara un pa\u00eds que decide violentar una figura internacional, utilizada para proteger de persecuci\u00f3n pol\u00edtica, religiosa o racial, para entorpecer la justicia de otro? Los delitos que eventualmente le ser\u00edan imputados a Hurtado, interceptaci\u00f3n ilegal de comunicaciones y concierto para delinquir, son delitos comunes, tan comunes como puede ser el robo. \u00bfConceder\u00e1 asilo tambi\u00e9n el gobierno de Martinelli a todos nuestros ladrones?<\/p>\n<p> Hasta el cierre de esta edici\u00f3n, tanto la posici\u00f3n del gobierno paname\u00f1o como la del Gobierno colombiano \u2014el cual, en voz del ministro delegatario Germ\u00e1n Vargas Lleras, se limit\u00f3 a afirmar que este asilo es il\u00f3gico e irrazonable\u2014 son igualmente incomprensibles, pues hasta para el observador m\u00e1s desprevenido es claro que la decisi\u00f3n del presidente Martinelli no tiene fundamento en el derecho internacional. No menos enigm\u00e1tica resulta la posici\u00f3n del fiscal general (e), Guillermo Mendoza Diago, a quien la opini\u00f3n p\u00fablica no ha hecho m\u00e1s que urgirle celeridad en los procesos por el esc\u00e1ndalo de las \u2018chuzadas\u2019 del DAS y quien, ante la noticia, lo \u00fanico que atin\u00f3 a decir es que el caso contra Hurtado seguir\u00e1 y, de encontrarla culpable, proceder\u00eda a pedirse su extradici\u00f3n. Es decir, ahora estamos llamados a confiar que un gobierno que concedi\u00f3, de manera arbitraria, una figura de inmunidad como el asilo va a conceder la extradici\u00f3n de su protegida. Incomprensible e indignante el panorama.<\/p>\n<p>Lo \u00fanico que resta esperar es que el Gobierno colombiano restablezca el orden correcto y haga una reclamaci\u00f3n diplom\u00e1tica formal, porque lo contrario es aceptar ante el mundo que Colombia es un Estado violador de derechos fundamentales cuya justicia es arbitraria. Y si tal acci\u00f3n no diera resultado, se debe apelar a organismos internacionales, como la OEA, para exigir el respeto a la soberan\u00eda de nuestro Estado.<\/p>\n<p> Por lo dem\u00e1s, no tiene presentaci\u00f3n y muy mal le caer\u00eda al restablecimiento de la institucionalidad y entendimiento de las ramas que se ven\u00eda dando en los \u00faltimos meses, que los acusados de perseguir a los magistrados de la Corte Suprema, entre otros, puedan evadir sus responsabilidades penales simplemente porque el presidente Martinelli, cercano amigo del ex presidente Uribe, as\u00ed lo ha querido. El presidente Santos tiene el reto de manejar las cosas con el suficiente tacto, pero con la necesaria transparencia, para que no s\u00f3lo Hurtado vuelva a enfrentar la justicia colombiana, como es debido y con plenas garant\u00edas, sino para que nadie pueda sospechar que el Ejecutivo no se comprometi\u00f3 con el respeto de una de las ramas del poder p\u00fablico.<\/p>\n<p><a href=\"http:\/\/elespectador.com\/articulo-235876-una-afrenta-soberania-nacional\">http:\/\/elespectador.com\/articulo-235876-una-afrenta-soberania-nacional<\/a><\/p>\n","protected":false},"excerpt":{"rendered":"<p>Apenas a una semana de que la Fiscal\u00eda le imputara cargos por el esc\u00e1ndalo de las &#8216;chuzadas&#8217; del DAS y el mismo d\u00eda que la Procuradur\u00eda confirmaba su destituci\u00f3n e inhabilidad por [&hellip;]<\/p>\n","protected":false},"author":2,"featured_media":0,"comment_status":"open","ping_status":"open","sticky":false,"template":"","format":"standard","meta":[],"categories":[75],"tags":[],"_links":{"self":[{"href":"https:\/\/tejidohistorico.afrodescendientes.com\/index.php\/wp-json\/wp\/v2\/posts\/1067"}],"collection":[{"href":"https:\/\/tejidohistorico.afrodescendientes.com\/index.php\/wp-json\/wp\/v2\/posts"}],"about":[{"href":"https:\/\/tejidohistorico.afrodescendientes.com\/index.php\/wp-json\/wp\/v2\/types\/post"}],"author":[{"embeddable":true,"href":"https:\/\/tejidohistorico.afrodescendientes.com\/index.php\/wp-json\/wp\/v2\/users\/2"}],"replies":[{"embeddable":true,"href":"https:\/\/tejidohistorico.afrodescendientes.com\/index.php\/wp-json\/wp\/v2\/comments?post=1067"}],"version-history":[{"count":0,"href":"https:\/\/tejidohistorico.afrodescendientes.com\/index.php\/wp-json\/wp\/v2\/posts\/1067\/revisions"}],"wp:attachment":[{"href":"https:\/\/tejidohistorico.afrodescendientes.com\/index.php\/wp-json\/wp\/v2\/media?parent=1067"}],"wp:term":[{"taxonomy":"category","embeddable":true,"href":"https:\/\/tejidohistorico.afrodescendientes.com\/index.php\/wp-json\/wp\/v2\/categories?post=1067"},{"taxonomy":"post_tag","embeddable":true,"href":"https:\/\/tejidohistorico.afrodescendientes.com\/index.php\/wp-json\/wp\/v2\/tags?post=1067"}],"curies":[{"name":"wp","href":"https:\/\/api.w.org\/{rel}","templated":true}]}}