{"id":1077,"date":"2010-11-23T19:01:09","date_gmt":"2010-11-23T19:01:09","guid":{"rendered":"http:\/\/www2.nasaacin.org\/index.php\/2010\/11\/23\/construyendo-el-plan-de-vida-del-resguardo-indigena-de-jambalo\/"},"modified":"2010-11-23T19:01:09","modified_gmt":"2010-11-23T19:01:09","slug":"construyendo-el-plan-de-vida-del-resguardo-indigena-de-jambalo","status":"publish","type":"post","link":"https:\/\/tejidohistorico.afrodescendientes.com\/index.php\/2010\/11\/23\/construyendo-el-plan-de-vida-del-resguardo-indigena-de-jambalo\/","title":{"rendered":"Construyendo el Plan de Vida del Resguardo Ind\u00edgena de Jambal\u00f3"},"content":{"rendered":"<p>La Asamblea No. 115 del Proyecto Global del Resguardo de Jambal\u00f3 congreg\u00f3 a m\u00e1s de 4 mil personas en la vereda El Tabl\u00f3n. Desde el pasado domingo 14 de noviembre, personas provenientes de las diferentes zonas del resguardo y del pa\u00eds participaron en la proyecci\u00f3n de los pr\u00f3ximos 20 a\u00f1os del Plan de Vida de Jambal\u00f3.<\/p>\n<p>  <!--more-->  <\/p>\n<p>El d\u00eda lunes se inici\u00f3 el trabajo con las presentaciones de las diferentes delegaciones. En horas de la tarde se realiz\u00f3 una introducci\u00f3n al contexto pol\u00edtico con la intervenci\u00f3n del CRIC. El d\u00eda martes se expuso el tema del derecho propio, salud, educaci\u00f3n y econ\u00f3mico ambiental. El d\u00eda mi\u00e9rcoles y jueves se trabaj\u00f3 en la presentaci\u00f3n de los Planes de Vida Veredales. El d\u00eda viernes y s\u00e1bado se hizo el trabajo en comisiones y el s\u00e1bado en la tarde se leyeron las conclusiones de la asamblea.<\/p>\n<p>Las propuestas Veredales evidenciaron el modelo con el que se trabajaron estos temas, la tendencia en la mayor\u00eda de estas fue mostrar un diagn\u00f3stico de las necesidades en cada aspecto visionando sus soluciones s\u00f3lo en la gesti\u00f3n de proyectos productivos y de infraestructura. Hizo falta el componente pol\u00edtico en estas propuestas presentadas por las veredas, pero en el trabajo en comisiones se manifest\u00f3 la preocupaci\u00f3n por capacitar a la comunidad primero en conocer el contexto socio pol\u00edtico que afecta a los territorios, por fortalecer la identidad, autonom\u00eda y soberan\u00eda, antes de proponer el plan de vida.<\/p>\n<p>En el trabajo en comisiones, la gente tuvo la oportunidad de debatir sobre la proyecci\u00f3n del Plan de Vida. En el eje pol\u00edtico \u2013 organizativo se discuti\u00f3 el funcionamiento de la estructura del cabildo ind\u00edgena del resguardo, se propuso que la directiva del cabildo no debe administrar recursos econ\u00f3micos sino que deb\u00eda enfocarse en lo pol\u00edtico, en la defensa del territorio y el trabajo con la comunidad. Mejorar la estructura del cabildo. Se insisti\u00f3 en que la autoridad m\u00e1xima es la comunidad, si los l\u00edderes est\u00e1n equivocados o desorientados, la base tiene el deber de corregirlos y exigirles el cumplimiento de los mandatos que han sido construidos colectivamente. Se manifest\u00f3 la necesidad de que el trabajo comunitario sea m\u00e1s organizado, efectivo y de verdad sea participativo.<\/p>\n<p>Todo este trabajo propuesto en la asamblea debe ser consecuente con el plan de vida, las propuestas deben volverse acciones. Sembrar los alimentos sin qu\u00edmicos, seguir practicando los rituales en todos los espacios de la comunidad (armonizaci\u00f3n, cultivos, ofrendas a los esp\u00edritus, trueques, etc.), asegurar la comida de la gente del resguardo antes de pensar en la comercializaci\u00f3n de los productos y la aplicaci\u00f3n de la jurisdicci\u00f3n propia como correctivo y medio de armonizaci\u00f3n hacia el equilibrio con la madre tierra.<\/p>\n<p>Mientras la comunidad estaba reunida en asamblea, desde el d\u00eda lunes empezaron los hostigamientos en Torib\u00edo y Jambal\u00f3 dejando dos personas muertas y siete heridas. Estos enfrentamientos se han incrementado en el norte del Cauca y evidencian la ocupaci\u00f3n militar en el territorio. Estas acciones amenazan con desintegrar el movimiento ind\u00edgena que es el que defiende al territorio de la entrada de las multinacionales.<\/p>\n<p>Estos espacios comunitarios en contraste a las dificultades como la entrada de las transnacionales y los enfrentamientos de los grupos armados en nuestros territorios, evidencian los procesos de resistencia que ejercen nuestras comunidades frente a la agresi\u00f3n del modelo econ\u00f3mico.<\/p>\n<p>El d\u00eda s\u00e1bado 20 de noviembre, durante la lectura de las conclusiones de la asamblea del Proyecto Global, un bus escalera rod\u00f3 por un abismo de aproximadamente 500 metros en la v\u00eda Caldono \u2013 Jambal\u00f3, dejando como resultado 17 muertos y 35 heridos de la comunidad nasa de Caldono. Cinco ambulancias llegaron al sitio del accidente para atender a los heridos, en estos momentos las personas afectadas se encuentran en los hospitales de Cali, Popay\u00e1n, Silvia, Jambal\u00f3 y Santander de Quilichao.<\/p>\n<p>Acompa\u00f1amos a nuestros hermanos de Caldono que se han visto obligados a encarar tan grande p\u00e9rdida causada por este tr\u00e1gico accidente y convocamos a la solidaridad de quienes reciban este mensaje para hacer un peque\u00f1o aporte en este dif\u00edcil momento, a las familiares de las v\u00edctimas.<\/p>\n<p>\u00a0<\/p>\n<p>\u00a0<\/p>\n<p><strong>Tejido de Comunicaci\u00f3n de la\u00a0 ACIN<\/strong><\/p>\n","protected":false},"excerpt":{"rendered":"<p>La Asamblea No. 115 del Proyecto Global del Resguardo de Jambal\u00f3 congreg\u00f3 a m\u00e1s de 4 mil personas en la vereda El Tabl\u00f3n. Desde el pasado domingo 14 de noviembre, personas provenientes [&hellip;]<\/p>\n","protected":false},"author":1,"featured_media":0,"comment_status":"open","ping_status":"open","sticky":false,"template":"","format":"standard","meta":[],"categories":[75],"tags":[],"_links":{"self":[{"href":"https:\/\/tejidohistorico.afrodescendientes.com\/index.php\/wp-json\/wp\/v2\/posts\/1077"}],"collection":[{"href":"https:\/\/tejidohistorico.afrodescendientes.com\/index.php\/wp-json\/wp\/v2\/posts"}],"about":[{"href":"https:\/\/tejidohistorico.afrodescendientes.com\/index.php\/wp-json\/wp\/v2\/types\/post"}],"author":[{"embeddable":true,"href":"https:\/\/tejidohistorico.afrodescendientes.com\/index.php\/wp-json\/wp\/v2\/users\/1"}],"replies":[{"embeddable":true,"href":"https:\/\/tejidohistorico.afrodescendientes.com\/index.php\/wp-json\/wp\/v2\/comments?post=1077"}],"version-history":[{"count":0,"href":"https:\/\/tejidohistorico.afrodescendientes.com\/index.php\/wp-json\/wp\/v2\/posts\/1077\/revisions"}],"wp:attachment":[{"href":"https:\/\/tejidohistorico.afrodescendientes.com\/index.php\/wp-json\/wp\/v2\/media?parent=1077"}],"wp:term":[{"taxonomy":"category","embeddable":true,"href":"https:\/\/tejidohistorico.afrodescendientes.com\/index.php\/wp-json\/wp\/v2\/categories?post=1077"},{"taxonomy":"post_tag","embeddable":true,"href":"https:\/\/tejidohistorico.afrodescendientes.com\/index.php\/wp-json\/wp\/v2\/tags?post=1077"}],"curies":[{"name":"wp","href":"https:\/\/api.w.org\/{rel}","templated":true}]}}