{"id":1123,"date":"2010-12-03T16:41:40","date_gmt":"2010-12-03T16:41:40","guid":{"rendered":"http:\/\/www2.nasaacin.org\/index.php\/2010\/12\/03\/alvaro-uribe-ajusta-cuentas-con-la-prensa-en-la-radio\/"},"modified":"2010-12-03T16:41:40","modified_gmt":"2010-12-03T16:41:40","slug":"alvaro-uribe-ajusta-cuentas-con-la-prensa-en-la-radio","status":"publish","type":"post","link":"https:\/\/tejidohistorico.afrodescendientes.com\/index.php\/2010\/12\/03\/alvaro-uribe-ajusta-cuentas-con-la-prensa-en-la-radio\/","title":{"rendered":"\u00c1lvaro Uribe ajusta cuentas con la prensa en la radio"},"content":{"rendered":"<p \/>Reporteros sin Fronteras apoya a los demandantes y desea que la justicia belga pueda escuchar al ex mandatario de la Casa de Nari\u00f1o. La magnitud de las pr\u00e1cticas del Departamento Administrativo de Seguridad (DAS) ameritar\u00eda, en nuestra opini\u00f3n, una investigaci\u00f3n internacional.  <!--more-->  <\/p>\n<h2><strong>\u00c1lvaro Uribe ajusta cuentas con la prensa en la radio; nuevas quejas contra el ex mandatario ligadas al esc\u00e1ndalo del DAS<\/strong><\/h2>\n<p>Cuarenta personas \u2013entre ellas la periodista de Radio Nizkor, Claudia Julieta Duque\u2013 interpusieron una denuncia penal el 30 de noviembre de 2010 contra el ex presidente \u00c1lvaro Uribe por su presunta responsabilidad en el caso de escuchas ilegales, amenazas y sabotajes atribuidos a los servicios de inteligencia, en el conocido como \u201cDasgate\u201d. <a href=\"http:\/\/es.rsf.org\/colombia-alvaro-uribe-respondera-de-su-13-10-2010,38541.html\" target=\"_blank\" rel=\"noopener noreferrer\">El ex jefe de Estado debe responder por ello ante una comisi\u00f3n especial del Congreso<\/a>, lo que le evita consecuencias penales m\u00e1s graves.<\/p>\n<p>Este esc\u00e1ndalo, al cual Reporteros sin Fronteras consagr\u00f3 <a href=\"http:\/\/es.rsf.org\/colombie-chuzadas-las-grandes-orejas-de-27-05-2010,37575.html\" target=\"_blank\" rel=\"noopener noreferrer\">una misi\u00f3n<\/a>, conoci\u00f3 un nuevo rumbo gracias a otra queja, interpuesta esta vez en B\u00e9lgica, el 29 de noviembre, por una decena de organizaciones (entre ellas la Federaci\u00f3n Internacional de Derechos Humanos y OXFAM Solidaridad) y algunas personas f\u00edsicas, por las escuchas practicadas por el servicio de inteligencia colombiano en ese pa\u00eds. Reporteros sin Fronteras apoya a los demandantes y desea que la justicia belga pueda escuchar al ex mandatario de la Casa de Nari\u00f1o. La magnitud de las pr\u00e1cticas del Departamento Administrativo de Seguridad (DAS) ameritar\u00eda, en nuestra opini\u00f3n, una investigaci\u00f3n internacional.<\/p>\n<p>Testigo potencial de la responsabilidad del ex jefe de Estado en el desv\u00edo del principal servicio de inteligencia, la ex directora general del DAS, Mar\u00eda del Pilar Hurtado, logr\u00f3 oportunamente recibir el<a href=\"http:\/\/es.rsf.org\/colombia-panama-concede-el-asilo-a-una-ex-22-11-2010,38866.html\" target=\"_blank\" rel=\"noopener noreferrer\"> asilo de Panam\u00e1<\/a>. Negando haberse puesto de acuerdo con ella, el mismo \u00c1lvaro Uribe confirm\u00f3 haber recomendado a sus colaboradores cercanos buscar asilo fuera del pa\u00eds, en una larga entrevista concedida el 2 de diciembre a la cadena radial RCN. Curiosamente, el ex mandatario respond\u00eda, entre otras preguntas, a las de su ex vicepresidente, Francisco Santos, periodista de trayectoria.<\/p>\n<p>Para escuchar la entrevista integral en espa\u00f1ol: <a href=\"http:\/\/www.rcnradio.com\/audios\/nacional\/02-12-10\/escuche-la-entrevista-completa-con-el-ex-presidente-lvaro-uribe-v-lez\" target=\"_blank\" rel=\"noopener noreferrer\">http:\/\/www.rcnradio.com\/audios\/naci&#8230;<\/a><\/p>\n<p>El ex jefe de Estado argumenta una \u201cfalta de garant\u00edas\u201d por parte de las m\u00e1s altas jurisdicciones colombianas \u2013especialmente de la Corte Suprema\u2013 para justificar lo que constituye, seg\u00fan nosotros, un verdadero ultraje de su parte a las instituciones de derecho. \u00c1lvaro Uribe incluso habla de una \u201cfalla del Estado de Derecho y de la justicia bajo la presi\u00f3n medi\u00e1tica\u201d. Esta vez, ajusta cuentas con los periodistas y los medios de comunicaci\u00f3n v\u00edctimas del esc\u00e1ndalo del DAS, reiterando si es necesario, acusaciones hechas p\u00fablicamente cuando se encontraba en funciones. Por ejemplo, contra Daniel Coronell, director del noticiero de la cadena p\u00fablica Canal Uno, varias veces obligado al exilio tras recibir amenazas. \u201cJam\u00e1s pregunte por Daniel Coronell. He tenido diferencias que ventile p\u00fablicamente\u201d, minimiza hoy \u00c1lvaro Uribe a trav\u00e9s de la RCN.<\/p>\n<p>Para compensar el efecto del asilo en Panam\u00e1 de la ex directora del DAS, \u00c1lvaro Uribe cita el caso del ex periodista de Telesur William Parra, que enfrenta <a href=\"http:\/\/es.rsf.org\/colombia-tardio-y-dudoso-procedimiento-09-09-2010,38331.html\" target=\"_blank\" rel=\"noopener noreferrer\">un proceso tard\u00edo y dudoso por \u201cv\u00ednculos\u201d con la guerrilla de las FARC<\/a>. \u201cEste hombre, al parecer, esta pr\u00f3fugo en Venezuela\u201d, ironiza \u00c1lvaro Uribe. William Parra reside, en efecto, en Venezuela, donde goza de manera regular del estatuto de refugiado.<\/p>\n<p>Tampoco existe ninguna \u201cpregunta\u201d, asegura \u00c1lvaro Uribe, por Hollman Morris, productor del programa Contrav\u00eda, quien tambi\u00e9n ha tenido que exiliarse varias veces. Pero el ex presidente no cesa de inculpar al periodista quien, seg\u00fan \u00e9l, habr\u00eda \u201cviolado las reglas de seguridad\u201d cubriendo <a href=\"http:\/\/es.rsf.org\/colombia-polemica-en-torno-al-acoso-del-04-02-2009,30200.html\" target=\"_blank\" rel=\"noopener noreferrer\">una liberaci\u00f3n de rehenes de las FARC<\/a> y quien ha acusado \u201ccon falsedad\u201d a su gobierno de \u201cpresiones\u201d para quitarle <a href=\"http:\/\/es.rsf.org\/colombia-niegan-la-visa-a-una-periodista-15-09-2010,38370.html\" target=\"_blank\" rel=\"noopener noreferrer\">una visa para viajar a Estados Unidos.<br \/><\/a><br \/>\u201c\u00c1lvaro Uribe no puede esperar evitar los cuestionamientos sobre el esc\u00e1ndalo del DAS y las consecuencias de su pol\u00edtica de seguridad democr\u00e1tica ajustando cuentas de esta manera. Igualmente, recordamos que ese tipo de diatribas contra la prensa durante el tiempo de su doble mandato estuvieron acompa\u00f1adas con frecuencia de amenazas, atribuidas a los paramilitares o al DAS, que obligaron a los periodistas a exiliarse. Es frente a la justicia y no a trav\u00e9s de una mediatizaci\u00f3n pol\u00e9mica, que el ex presidente debe responder\u201d, declar\u00f3 Reporteros sin Fronteras.<\/p>\n<p>Foto: AFP<\/p>\n<p><a href=\"http:\/\/es.rsf.org\/colombia-alvaro-uribe-ajusta-cuentas-con-la-03-12-2010,38955.html\" target=\"_blank\" rel=\"noopener noreferrer\">http:\/\/es.rsf.org\/colombia-alvaro-uribe-ajusta-cuentas-con-la-03-12-2010,38955.html<\/a><\/p>\n","protected":false},"excerpt":{"rendered":"<p>Reporteros sin Fronteras apoya a los demandantes y desea que la justicia belga pueda escuchar al ex mandatario de la Casa de Nari\u00f1o. La magnitud de las pr\u00e1cticas del Departamento Administrativo de [&hellip;]<\/p>\n","protected":false},"author":2,"featured_media":0,"comment_status":"open","ping_status":"open","sticky":false,"template":"","format":"standard","meta":[],"categories":[75],"tags":[],"_links":{"self":[{"href":"https:\/\/tejidohistorico.afrodescendientes.com\/index.php\/wp-json\/wp\/v2\/posts\/1123"}],"collection":[{"href":"https:\/\/tejidohistorico.afrodescendientes.com\/index.php\/wp-json\/wp\/v2\/posts"}],"about":[{"href":"https:\/\/tejidohistorico.afrodescendientes.com\/index.php\/wp-json\/wp\/v2\/types\/post"}],"author":[{"embeddable":true,"href":"https:\/\/tejidohistorico.afrodescendientes.com\/index.php\/wp-json\/wp\/v2\/users\/2"}],"replies":[{"embeddable":true,"href":"https:\/\/tejidohistorico.afrodescendientes.com\/index.php\/wp-json\/wp\/v2\/comments?post=1123"}],"version-history":[{"count":0,"href":"https:\/\/tejidohistorico.afrodescendientes.com\/index.php\/wp-json\/wp\/v2\/posts\/1123\/revisions"}],"wp:attachment":[{"href":"https:\/\/tejidohistorico.afrodescendientes.com\/index.php\/wp-json\/wp\/v2\/media?parent=1123"}],"wp:term":[{"taxonomy":"category","embeddable":true,"href":"https:\/\/tejidohistorico.afrodescendientes.com\/index.php\/wp-json\/wp\/v2\/categories?post=1123"},{"taxonomy":"post_tag","embeddable":true,"href":"https:\/\/tejidohistorico.afrodescendientes.com\/index.php\/wp-json\/wp\/v2\/tags?post=1123"}],"curies":[{"name":"wp","href":"https:\/\/api.w.org\/{rel}","templated":true}]}}