{"id":1124,"date":"2010-12-03T17:35:05","date_gmt":"2010-12-03T17:35:05","guid":{"rendered":"http:\/\/www2.nasaacin.org\/index.php\/2010\/12\/03\/10-de-diciembre-jornada-continental-contra-las-bases-militares-extranjeras\/"},"modified":"2010-12-03T17:35:05","modified_gmt":"2010-12-03T17:35:05","slug":"10-de-diciembre-jornada-continental-contra-las-bases-militares-extranjeras","status":"publish","type":"post","link":"https:\/\/tejidohistorico.afrodescendientes.com\/index.php\/2010\/12\/03\/10-de-diciembre-jornada-continental-contra-las-bases-militares-extranjeras\/","title":{"rendered":"10 de Diciembre: Jornada Continental Contra las Bases Militares Extranjeras"},"content":{"rendered":"<p \/>Nosotros, movimientos sociales de Am\u00e9rica Latina, reunidos en el \u00e1mbito de la campa\u00f1a Am\u00e9rica Latina una Regi\u00f3n de Paz &#8211; Fuera Bases, convocamos para el 10 de diciembre a la realizaci\u00f3n de una jornada continental de lucha contra las bases militares extranjeras en nuestro continente.  <!--more-->  <\/p>\n<p>Realizaremos actividades en las calles, debates, talleres, exposiciones, actividades culturales, seminarios, como forma de denunciar el creciente intervencionismo militar de los EUA en Am\u00e9rica Latina. Brindaremos nuestra solidaridad a los pueblos que luchan por defender su soberan\u00eda\u00a0 y se oponen a la criminalizaci\u00f3n de las luchas sociales.<\/p>\n<p>Somos un continente rebelde y de paz, que no se arrodilla ante el imperialismo y sus pol\u00edticas de guerra. Vamos, desde las calles, hacer de Am\u00e9rica Latina una regi\u00f3n libre de bases militares extranjeras.<\/p>\n<p>Participe. Env\u00ede su acci\u00f3n para americalatinadepaz@gmail.com<\/p>\n<p><strong>Comunicado: &#8220;Puentes, No bases&#8221;<\/strong><\/p>\n<p>1- El Observatorio por el Cierre de la Escuela de las Am\u00e9ricas (SOAW en ingl\u00e9s) se suma a la Jornada Continental, este 10 de diciembre, contra la presencia de bases militares extranjeras en Am\u00e9rica Latina, en coincidencia con el D\u00eda Internacional de los Derechos Humanos.<\/p>\n<p>2 &#8211; Nos sumamos con esto a los esfuerzos de decenas de organizaciones de nuestro continente, quienes nos agrupamos en torno de la &#8220;Campa\u00f1a Continental Am\u00e9rica Latina Una Regi\u00f3n de Paz &#8211; Fuera Bases&#8221;, porque adherimos al anhelo de que toda Am\u00e9rica Latina sea un continente de paz. Mientras existan bases militares extranjeras en nuestro territorio sufriremos la amenaza de la guerra y la violencia que la solo afecta a nuestros mismos pueblos.<\/p>\n<p>3- Rechazamos categ\u00f3ricamente las justificaciones que se realizan para defender la necesidad de la presencia de estas bases militares extranjeras en Am\u00e9rica Latina: el &#8220;combate al narcotr\u00e1fico&#8221; y la &#8220;guerra contra el terrorismo&#8221;. Hasta ahora las bases militares han sido utilizadas para dar soporte a golpes militares y ayudar a desestabilizar los proceso de cambio existentes en la regi\u00f3n, en pos de la defensa de intereses econ\u00f3micos de las potencias hegem\u00f3nicas y Estados Unidos en particular.<\/p>\n<p>4- Manifestamos nuestra preocupaci\u00f3n y rechazo por el aumento de las bases militares de EEUU en Am\u00e9rica Latina, el aumento de las operaciones militares conjuntas entre los EEUU y Am\u00e9rica Latina, la permanencia de la formaci\u00f3n militar para soldados latinomericanos en la Escuela de las Am\u00e9ricas y la reactivaci\u00f3n de la Cuarta Flota que nuevamente patrulla los mares de nuestro continente. Al mismo tiempo, manifestamos nuestro rechazo categ\u00f3rico a la militarizaci\u00f3n de las misiones de ayuda humanitaria en Hait\u00ed. Todo esto responde a una l\u00f3gica &#8220;militarista&#8221; de las relaciones internacionales y son medidas que estan lejos de buscar la paz, la seguridad y la soberan\u00eda de Am\u00e9rica Latina.<\/p>\n<p>5- Porque nos preocupa la diversificaci\u00f3n de las formas de injerencia militar, m\u00e1s sutiles y permeables que en d\u00e9cadas pasadas, hemos comenzado la campa\u00f1a &#8220;Puentes, No Bases&#8221;, invitando a colectivos, movimientos e investigadorxs a observar y recabar informaci\u00f3n sobre cada base militar y centro de militarizaci\u00f3n en Am\u00e9rica Latina, con el objetivo de que la denuncia en cada base emane de todos y todas, y de que cada base cuente con un grupo organizado de vigilancia de manera permanente. <\/p>\n<p>6- En el d\u00eda de la Declaraci\u00f3n Universal de los Derechos Humanos recordamos a las miles de v\u00edctimas de la guerra, a las miles de v\u00edctimas de las dictaduras militares y a lxs compa\u00f1erxs que, en busca de una Latinoam\u00e9rica de paz, ven su lucha criminalizada por cuerpos militares, paramilitares, policiales, instituciones de la ley, y leyes en contra de los pueblos. Tambi\u00e9n nos comprometemos con la lucha porque no haya m\u00e1s v\u00edctimas silenciosas generadas por la injusticia social que sigue negando el derecho al alimento, la salud y una vida digna. Es vergonzoso que mientras Estados Unidos gasta millonarios recursos econ\u00f3micos en sus Planes de Guerra millones de seres humanos en los mismos Estados Unidos, como en toda Am\u00e9rica Latina, mueren de hambre o por la falta de atencion medica oportuna.<\/p>\n<p>7- Creemos que el gobierno de los Estados Unidos debe cuanto antes parar su escalada militarista y apostar por la paz, por relaciones de ayuda mutua entre los paises hermanos respetando la soberania y autodeterminaci\u00f3n de todos los pueblos de Am\u00e9rica Latina como del mundo. Es hora de crear puentes, no bases.<\/p>\n<p>\u00a1\u00a1Por la Paz, No m\u00e1s Bases Militares Extranjeras en Am\u00e9rica Latina!!<\/p>\n<p>Observatorio por el Cierre de la Escuela de las Am\u00e9ricas &#8211; SOAW<\/p>\n<p><a href=\"http:\/\/www.soawlatina.org\/10diciembre.html\" target=\"_blank\" rel=\"noopener noreferrer\">http:\/\/www.soawlatina.org\/10diciembre.html<\/a><\/p>\n","protected":false},"excerpt":{"rendered":"<p>Nosotros, movimientos sociales de Am\u00e9rica Latina, reunidos en el \u00e1mbito de la campa\u00f1a Am\u00e9rica Latina una Regi\u00f3n de Paz &#8211; Fuera Bases, convocamos para el 10 de diciembre a la realizaci\u00f3n de [&hellip;]<\/p>\n","protected":false},"author":2,"featured_media":0,"comment_status":"open","ping_status":"open","sticky":false,"template":"","format":"standard","meta":[],"categories":[75],"tags":[],"_links":{"self":[{"href":"https:\/\/tejidohistorico.afrodescendientes.com\/index.php\/wp-json\/wp\/v2\/posts\/1124"}],"collection":[{"href":"https:\/\/tejidohistorico.afrodescendientes.com\/index.php\/wp-json\/wp\/v2\/posts"}],"about":[{"href":"https:\/\/tejidohistorico.afrodescendientes.com\/index.php\/wp-json\/wp\/v2\/types\/post"}],"author":[{"embeddable":true,"href":"https:\/\/tejidohistorico.afrodescendientes.com\/index.php\/wp-json\/wp\/v2\/users\/2"}],"replies":[{"embeddable":true,"href":"https:\/\/tejidohistorico.afrodescendientes.com\/index.php\/wp-json\/wp\/v2\/comments?post=1124"}],"version-history":[{"count":0,"href":"https:\/\/tejidohistorico.afrodescendientes.com\/index.php\/wp-json\/wp\/v2\/posts\/1124\/revisions"}],"wp:attachment":[{"href":"https:\/\/tejidohistorico.afrodescendientes.com\/index.php\/wp-json\/wp\/v2\/media?parent=1124"}],"wp:term":[{"taxonomy":"category","embeddable":true,"href":"https:\/\/tejidohistorico.afrodescendientes.com\/index.php\/wp-json\/wp\/v2\/categories?post=1124"},{"taxonomy":"post_tag","embeddable":true,"href":"https:\/\/tejidohistorico.afrodescendientes.com\/index.php\/wp-json\/wp\/v2\/tags?post=1124"}],"curies":[{"name":"wp","href":"https:\/\/api.w.org\/{rel}","templated":true}]}}