{"id":1155,"date":"2010-12-09T20:32:15","date_gmt":"2010-12-09T20:32:15","guid":{"rendered":"http:\/\/www2.nasaacin.org\/index.php\/2010\/12\/09\/condena-del-secuestro-y-asesinato-de-defensores-de-ddhh\/"},"modified":"2010-12-09T20:32:15","modified_gmt":"2010-12-09T20:32:15","slug":"condena-del-secuestro-y-asesinato-de-defensores-de-ddhh","status":"publish","type":"post","link":"https:\/\/tejidohistorico.afrodescendientes.com\/index.php\/2010\/12\/09\/condena-del-secuestro-y-asesinato-de-defensores-de-ddhh\/","title":{"rendered":"Condena del secuestro y asesinato de defensores de DDHH"},"content":{"rendered":"<p>El Sistema de las Naciones Unidas en Guatemala expresa su en\u00e9rgica condena ante el secuestro y asesinato de la defensora de derechos humanos, Emilia Quan, soci\u00f3loga e investigadora del Centro de Estudios y Documentaci\u00f3n de la Frontera Occidental de Guatemala (CEDFOG).<\/p>\n","protected":false},"excerpt":{"rendered":"<p>El Sistema de las Naciones Unidas en Guatemala expresa su en\u00e9rgica condena ante el secuestro y asesinato de la defensora de derechos humanos, Emilia Quan, soci\u00f3loga e investigadora del Centro de Estudios [&hellip;]<\/p>\n","protected":false},"author":2,"featured_media":0,"comment_status":"open","ping_status":"open","sticky":false,"template":"","format":"standard","meta":[],"categories":[61],"tags":[],"_links":{"self":[{"href":"https:\/\/tejidohistorico.afrodescendientes.com\/index.php\/wp-json\/wp\/v2\/posts\/1155"}],"collection":[{"href":"https:\/\/tejidohistorico.afrodescendientes.com\/index.php\/wp-json\/wp\/v2\/posts"}],"about":[{"href":"https:\/\/tejidohistorico.afrodescendientes.com\/index.php\/wp-json\/wp\/v2\/types\/post"}],"author":[{"embeddable":true,"href":"https:\/\/tejidohistorico.afrodescendientes.com\/index.php\/wp-json\/wp\/v2\/users\/2"}],"replies":[{"embeddable":true,"href":"https:\/\/tejidohistorico.afrodescendientes.com\/index.php\/wp-json\/wp\/v2\/comments?post=1155"}],"version-history":[{"count":0,"href":"https:\/\/tejidohistorico.afrodescendientes.com\/index.php\/wp-json\/wp\/v2\/posts\/1155\/revisions"}],"wp:attachment":[{"href":"https:\/\/tejidohistorico.afrodescendientes.com\/index.php\/wp-json\/wp\/v2\/media?parent=1155"}],"wp:term":[{"taxonomy":"category","embeddable":true,"href":"https:\/\/tejidohistorico.afrodescendientes.com\/index.php\/wp-json\/wp\/v2\/categories?post=1155"},{"taxonomy":"post_tag","embeddable":true,"href":"https:\/\/tejidohistorico.afrodescendientes.com\/index.php\/wp-json\/wp\/v2\/tags?post=1155"}],"curies":[{"name":"wp","href":"https:\/\/api.w.org\/{rel}","templated":true}]}}