{"id":1187,"date":"2010-12-14T22:32:55","date_gmt":"2010-12-14T22:32:55","guid":{"rendered":"http:\/\/www2.nasaacin.org\/index.php\/2010\/12\/14\/la-escuela-de-comunicacion-comparte-experiencia-con-conacami\/"},"modified":"2010-12-14T22:32:55","modified_gmt":"2010-12-14T22:32:55","slug":"la-escuela-de-comunicacion-comparte-experiencia-con-conacami","status":"publish","type":"post","link":"https:\/\/tejidohistorico.afrodescendientes.com\/index.php\/2010\/12\/14\/la-escuela-de-comunicacion-comparte-experiencia-con-conacami\/","title":{"rendered":"La escuela de comunicaci\u00f3n comparte experiencia con Conacami"},"content":{"rendered":"<\/p>\n<p>Desde el pasado 10 de diciembre, se realiza el tercer encuentro de la escuela de liderazgo de la Confederaci\u00f3n Nacional de Comunidades Afectadas por la Miner\u00eda (CONACAMI) en Lima, Per\u00fa. A este encuentro asisti\u00f3 una delegaci\u00f3n de la Escuela de Comunicaci\u00f3n del norte del Cauca para intercambiar saberes con integrantes de regiones andinas y amaz\u00f3nicas que viajaron de distintas partes del Per\u00fa.<\/p>\n<p>\u00a0<\/p>\n<p>  <!--more-->  <\/p>\n<p>\u00a0<\/p>\n<p>El encuentro tiene como objetivo principal compartir las reflexiones que desde cada comunidad se han hecho sobre los impactos ocasionados por el modelo econ\u00f3mico actual. Los participantes del evento coinciden en que el capitalismo, con la disculpa de traer desarrollo, ha despojado a las comunidades de sus territorios, fomentando el hambre, la miseria y el irrespeto a la Madre Tierra.<\/p>\n<p><img loading=\"lazy\" class=\" alignleft size-full wp-image-1186\" src=\"http:\/\/www2.nasaacin.org\/wp-content\/uploads\/2010\/12\/fotos_noticias_conacami-peru.jpg\" border=\"0\" alt=\"Escuela de Comunicaci\u00f3n del Cauca en Per\u00fa\" align=\"left\" width=\"317\" height=\"238\" srcset=\"https:\/\/tejidohistorico.afrodescendientes.com\/wp-content\/uploads\/2010\/12\/fotos_noticias_conacami-peru.jpg 317w, https:\/\/tejidohistorico.afrodescendientes.com\/wp-content\/uploads\/2010\/12\/fotos_noticias_conacami-peru-300x225.jpg 300w\" sizes=\"(max-width: 317px) 100vw, 317px\" \/>El espacio de formaci\u00f3n, que tendr\u00e1 una duraci\u00f3n de diez d\u00edas, busca fomentar la creaci\u00f3n de l\u00edderes comprometidos con sus comunidades, que entiendan el contexto de agresi\u00f3n y que se comprometan con la defensa de la vida a trav\u00e9s de la formaci\u00f3n de consciencia. Por eso es importante la presencia de mujeres, j\u00f3venes, adultos y mayores que llevar\u00e1n a sus comunidades las experiencias compartidas en cada taller.<\/p>\n<p>Entre las problem\u00e1ticas que se perciben en cada pueblo, se destaca la miner\u00eda. Como es bien sabido, Per\u00fa ha sido ocupado por diversidad de proyectos transnacionales que explotan los territorios con minas a cielo abierto. Esto ha ocasionado que muchos ind\u00edgenas que habitan estos territorios est\u00e9n pasando por momentos muy dif\u00edciles, pues la extracci\u00f3n de los minerales contamina el agua, el aire y la tierra. Sumado a esto, se presenta tambi\u00e9n la utilizaci\u00f3n de dinamita y de qu\u00edmicos como el cianuro y el mercurio, los cuales dejan los suelos inservibles para los cultivos de futuras generaciones.<\/p>\n<p>Ante este problema, el constante acompa\u00f1amiento de CONACAMI est\u00e1 permitiendo que las comunidades rechacen las distintas formas de explotaci\u00f3n de los recursos mineros que existen en sus territorios. Esto se ha logrado pese a las dificultades que ocurren a quienes resisten a estos procesos, entre las que se encuentran los se\u00f1alamientos, las persecuciones y las amenazas.<\/p>\n<p>Por eso, para enfrentar los problemas que aquejan a las comunidades, es necesario fortalecer los espacios de formaci\u00f3n como los gestados por CONACAMI. Para que los pueblos reflexionen sobre las estrategias de agresi\u00f3n y para consolidar las alternativas de construcci\u00f3n de vida digna que por tanto tiempo las comunidades han construido.<\/p>\n<p><strong>Tejido de Comunicaci\u00f3n de la ACIN<\/strong><\/p>\n","protected":false},"excerpt":{"rendered":"<p>Desde el pasado 10 de diciembre, se realiza el tercer encuentro de la escuela de liderazgo de la Confederaci\u00f3n Nacional de Comunidades Afectadas por la Miner\u00eda (CONACAMI) en Lima, Per\u00fa. A este [&hellip;]<\/p>\n","protected":false},"author":2,"featured_media":1185,"comment_status":"open","ping_status":"open","sticky":false,"template":"","format":"standard","meta":[],"categories":[63],"tags":[],"_links":{"self":[{"href":"https:\/\/tejidohistorico.afrodescendientes.com\/index.php\/wp-json\/wp\/v2\/posts\/1187"}],"collection":[{"href":"https:\/\/tejidohistorico.afrodescendientes.com\/index.php\/wp-json\/wp\/v2\/posts"}],"about":[{"href":"https:\/\/tejidohistorico.afrodescendientes.com\/index.php\/wp-json\/wp\/v2\/types\/post"}],"author":[{"embeddable":true,"href":"https:\/\/tejidohistorico.afrodescendientes.com\/index.php\/wp-json\/wp\/v2\/users\/2"}],"replies":[{"embeddable":true,"href":"https:\/\/tejidohistorico.afrodescendientes.com\/index.php\/wp-json\/wp\/v2\/comments?post=1187"}],"version-history":[{"count":0,"href":"https:\/\/tejidohistorico.afrodescendientes.com\/index.php\/wp-json\/wp\/v2\/posts\/1187\/revisions"}],"wp:featuredmedia":[{"embeddable":true,"href":"https:\/\/tejidohistorico.afrodescendientes.com\/index.php\/wp-json\/wp\/v2\/media\/1185"}],"wp:attachment":[{"href":"https:\/\/tejidohistorico.afrodescendientes.com\/index.php\/wp-json\/wp\/v2\/media?parent=1187"}],"wp:term":[{"taxonomy":"category","embeddable":true,"href":"https:\/\/tejidohistorico.afrodescendientes.com\/index.php\/wp-json\/wp\/v2\/categories?post=1187"},{"taxonomy":"post_tag","embeddable":true,"href":"https:\/\/tejidohistorico.afrodescendientes.com\/index.php\/wp-json\/wp\/v2\/tags?post=1187"}],"curies":[{"name":"wp","href":"https:\/\/api.w.org\/{rel}","templated":true}]}}