{"id":1191,"date":"2010-12-15T21:48:13","date_gmt":"2010-12-15T21:48:13","guid":{"rendered":"http:\/\/www2.nasaacin.org\/index.php\/2010\/12\/15\/los-crimenes-en-arauca-no-son-hechos-aisladosson-politica-de-estado\/"},"modified":"2010-12-15T21:48:13","modified_gmt":"2010-12-15T21:48:13","slug":"los-crimenes-en-arauca-no-son-hechos-aisladosson-politica-de-estado","status":"publish","type":"post","link":"https:\/\/tejidohistorico.afrodescendientes.com\/index.php\/2010\/12\/15\/los-crimenes-en-arauca-no-son-hechos-aisladosson-politica-de-estado\/","title":{"rendered":"Los cr\u00edmenes en Arauca no son hechos aislados\u2026son pol\u00edtica de Estado"},"content":{"rendered":"<p>Arauca es un territorio con grandes riquezas (petroleras, h\u00eddricas, agroalimentarias, biodiversidad, que adem\u00e1s es una zona de frontera lo que lo hace un departamento geoestrat\u00e9gico para la oligarqu\u00eda y el imperio, y que cuenta con un hist\u00f3rico tejido social), ha sido v\u00edctima de una criminal estrategia de agresi\u00f3n en contra de sus pobladores, dirigencia social, sus mujeres, ni\u00f1os, ni\u00f1as y j\u00f3venes, que le ha costado a la regi\u00f3n por lo menos 20 masacres en la que murieron un centenar de personas, alrededor de 9.000 muertes selectivas en la \u00faltima d\u00e9cada, cerca de 3.000 personas judicializadas y m\u00e1s de 10.000 retenidas de manera transitoria, desde el 2002 aproximadamente m\u00e1s de 100 personas ejecutadas extrajudicialmente<\/p>\n<p>  <!--more-->  <\/p>\n<p>* 16 de agosto de 1989, masacre de 5 campesinos entre ellos Joel Sierra Gonz\u00e1lez.<\/p>\n<p>* 23 de febrero de 1997, masacre en la vereda Cachamas-Tame.<\/p>\n<p>* 17 de agosto de 1998, masacre de San Ignacio, Tame.<\/p>\n<p>* 20 de noviembre de 1998, masacre en la Cabuya-Tame. Cinco personas entre ellas una mujer embarazada.<\/p>\n<p>* 13 de diciembre de 1998, bombardeo de Santo Domingo. 17 personas de las cuales 7 eran ni\u00f1os.<\/p>\n<p>* 6 de enero de 2003, masacre en el pesebre-Tame. Cuatro miembros de una familia, entre ellas una ni\u00f1a de 8 meses.<\/p>\n<p>* 10 de marzo de 2004, masacre en las sabanas de Cravo Norte. M\u00e1s de 20 personas.<\/p>\n<p>* 19 y 20 de mayo de 2004, masacre en pi\u00f1alito y cravo charo-Tame. Once campesinos entre ellos un joven de 17 a\u00f1os.<\/p>\n<p>* 5 de agosto de 2004, masacre de Ca\u00f1o Seco-Saravena.<\/p>\n<p>* 14 de octubre de 2010, Violaci\u00f3n sexual, tortura, desaparici\u00f3n forzada y asesinato de Yenny, Yimmy, yefferson, de 14, 9 y 6 a\u00f1os, en la vereda Ca\u00f1o Temblador-Tame.<\/p>\n<p>Y otro sinn\u00famero de ni\u00f1os, ni\u00f1as y j\u00f3venes, asesinados, desaparecidos, desplazados, violentados sexualmente y estigmatizados, que han llevado al departamento a la crisis social humanitaria, que significa una vulneraci\u00f3n a los m\u00e1s elementales derechos reconocidos en los instrumentos internacionales y que protegen especialmente a los ni\u00f1os, ni\u00f1as y adolescentes.<\/p>\n<p>El Estado colombiano, las empresas Transnacionales y los imperios Estadounidenses y Europeos, han sido los responsables por acci\u00f3n u omisi\u00f3n de esta tragedia social y humanitaria, en la que sobresalen por el alto n\u00famero de casos y la ferocidad de los mismos, la Brigada M\u00f3vil N. 5, y el Grupo de Caballer\u00eda Mecanizado Gabriel Rev\u00e9iz Pizarro.<\/p>\n<p>Lo anterior evidencia que existe una pol\u00edtica sistem\u00e1tica de agresi\u00f3n y aniquilamiento para desarticular el hist\u00f3rico tejido social y asegurar el saqueo y expoliaci\u00f3n de los recursos naturales y estrat\u00e9gicos como el petr\u00f3leo, agua y la biodiversidad.<\/p>\n<p>El bravo pueblo araucano, sus organizaciones y dirigencia comunal y social, ha realizado una serie de luchas y gestas no solo para exigir el cumplimiento de inversi\u00f3n social que garantice una vida digna de conformidad con la constituci\u00f3n, los fines esenciales del Estado y los principios contenidos en los instrumentos internacionales, sino tambi\u00e9n para denunciar la estrategia de represi\u00f3n de la que hemos sido v\u00edctima, exigiendo verdad, justicia, reparaci\u00f3n integral y seguridad de no repetici\u00f3n, y en defensa del territorio y los recursos.<\/p>\n<p>Hoy 10 de diciembre, d\u00eda Internacional de los Derechos Humanos, nuevamente nos movilizamos para rechazar y denunciar uno de los m\u00e1s horrendos Cr\u00edmenes de Lesa Humanidad cometido por el Estado colombiano; exigir los derechos de las v\u00edctimas; dignificar la vida de Yenny Narvay, Yimmi y Yefferson Torres Jaimes; lo mismo que para hacer frente a las pretensiones del r\u00e9gimen de ocultar la crueldad de su acci\u00f3n, responsabilizando tibiamente solo a uno de sus servidores, no del crimen, sino de haber tenido una relaci\u00f3n sexual consentida con la menor abusada e insinuando que particulares habr\u00edan sido los victimarios, cuando es un hecho cierto que era el ej\u00e9rcito el que ten\u00eda el control sobre la zona y espec\u00edficamente el lugar donde la ni\u00f1a fue violada y posteriormente asesinada junto a sus hermanos.<\/p>\n<p>Por esto continuamos en pie de lucha e invitamos a todo el pueblo colombiano, a la comunidad internacional y a los revolucionarios del mundo a persistir en la gesta contra la impunidad en \u00e9ste y todos los cr\u00edmenes de Estado y a avanzar en la construcci\u00f3n de paz con justicia social.<\/p>\n<p>\u00a0<\/p>\n<p>\u00a0<\/p>\n<p>http:\/\/www.colectivodeabogados.org\/Los-crimenes-en-Arauca-no-son<\/p>\n","protected":false},"excerpt":{"rendered":"<p>Arauca es un territorio con grandes riquezas (petroleras, h\u00eddricas, agroalimentarias, biodiversidad, que adem\u00e1s es una zona de frontera lo que lo hace un departamento geoestrat\u00e9gico para la oligarqu\u00eda y el imperio, y [&hellip;]<\/p>\n","protected":false},"author":1,"featured_media":0,"comment_status":"open","ping_status":"open","sticky":false,"template":"","format":"standard","meta":[],"categories":[75],"tags":[],"_links":{"self":[{"href":"https:\/\/tejidohistorico.afrodescendientes.com\/index.php\/wp-json\/wp\/v2\/posts\/1191"}],"collection":[{"href":"https:\/\/tejidohistorico.afrodescendientes.com\/index.php\/wp-json\/wp\/v2\/posts"}],"about":[{"href":"https:\/\/tejidohistorico.afrodescendientes.com\/index.php\/wp-json\/wp\/v2\/types\/post"}],"author":[{"embeddable":true,"href":"https:\/\/tejidohistorico.afrodescendientes.com\/index.php\/wp-json\/wp\/v2\/users\/1"}],"replies":[{"embeddable":true,"href":"https:\/\/tejidohistorico.afrodescendientes.com\/index.php\/wp-json\/wp\/v2\/comments?post=1191"}],"version-history":[{"count":0,"href":"https:\/\/tejidohistorico.afrodescendientes.com\/index.php\/wp-json\/wp\/v2\/posts\/1191\/revisions"}],"wp:attachment":[{"href":"https:\/\/tejidohistorico.afrodescendientes.com\/index.php\/wp-json\/wp\/v2\/media?parent=1191"}],"wp:term":[{"taxonomy":"category","embeddable":true,"href":"https:\/\/tejidohistorico.afrodescendientes.com\/index.php\/wp-json\/wp\/v2\/categories?post=1191"},{"taxonomy":"post_tag","embeddable":true,"href":"https:\/\/tejidohistorico.afrodescendientes.com\/index.php\/wp-json\/wp\/v2\/tags?post=1191"}],"curies":[{"name":"wp","href":"https:\/\/api.w.org\/{rel}","templated":true}]}}