{"id":1210,"date":"2010-12-24T00:15:33","date_gmt":"2010-12-24T00:15:33","guid":{"rendered":"http:\/\/www2.nasaacin.org\/index.php\/2010\/12\/24\/buenos-aires-tobas-inician-huelga-de-hambre\/"},"modified":"2010-12-24T00:15:33","modified_gmt":"2010-12-24T00:15:33","slug":"buenos-aires-tobas-inician-huelga-de-hambre","status":"publish","type":"post","link":"https:\/\/tejidohistorico.afrodescendientes.com\/index.php\/2010\/12\/24\/buenos-aires-tobas-inician-huelga-de-hambre\/","title":{"rendered":"Buenos Aires: Tobas inician huelga de hambre"},"content":{"rendered":"<p \/>El cacique F\u00e9lix D\u00edaz y otros cinco integrantes de la comunidad toba de Formosa iniciarar\u00e1n esta tarde una huelga de hambre al cumplirse un mes del asesinato de Roberto L\u00f3pez, durante un desalojo policial en esa provincia.  <!--more-->  <\/p>\n<p>\u201cEntre las seis y las seis y media mataron a Roberto y nuestra manera de honrarlo, a un mes, es hacer una huelga de hambre para pedir justicia\u201d, dijo a T\u00e9lam F\u00e9lix D\u00edaz.<\/p>\n<p>La protesta por reclamo de tierras se registr\u00f3 el 23 de noviembre pasado y debido a los hechos de violencia que tuvieron lugar, murieron un ind\u00edgena de la comunidad La Primavera y un polic\u00eda, y hubo varios detenidos, heridos y se incendiaron casas y documentos en la comunidad La Primavera, unos 170 kilometros al norte de la capital provincial. <br \/>La protesta, que comenzar\u00e1 a las 18 en una carpa ubicada en Avenida de Mayo y 9 de Julio, ser\u00e1 acompa\u00f1ada por los ind\u00edgenas qom Rub\u00e9n D\u00edaz y Sindulfo Caballero de La Primavera, Eduardo Meguesochi de Formosa, Florentino Palacios de Misi\u00f3n Laishi y Mauricio Paniagua de Ibarreta, seg\u00fan detall\u00f3 el cacique.<\/p>\n<p>\u201cVamos a pasar la nochebuena ah\u00ed y nos vamos a quedar hasta que tengamos respuesta\u201d, dijo D\u00edaz. (T\u00e9lam)<\/p>\n<p>Buenos Aires, 23 de diciembre (T\u00e9lam).<\/p>\n<p>M\u00e1s informaci\u00f3n:<br \/><a href=\"http:\/\/opsur.wordpress.com\/2010\/12\/22\/un-ruego-de-justicia\/\"><span style=\"color: #006a80;\">Un ruego de justicia<\/span><\/a><\/p>\n<p>Ver video:<a href=\"http:\/\/vimeo.com\/17921727\"><span style=\"color: #006a80;\"> Acampe y corte en 9 de Julio y Av. de Mayo contra la represi\u00f3n a la comunidad qom La Primavera<\/span><\/a><\/p>\n<p><a href=\"http:\/\/opsur.wordpress.com\/2010\/12\/23\/tobas-de-formosa-inician-huelga-de-hambre-en-buenos-aires\/\">http:\/\/opsur.wordpress.com\/2010\/12\/23\/tobas-de-formosa-inician-huelga-de-hambre-en-buenos-aires\/<\/a><\/p>\n<p>\u00a0<\/p>\n","protected":false},"excerpt":{"rendered":"<p>El cacique F\u00e9lix D\u00edaz y otros cinco integrantes de la comunidad toba de Formosa iniciarar\u00e1n esta tarde una huelga de hambre al cumplirse un mes del asesinato de Roberto L\u00f3pez, durante un [&hellip;]<\/p>\n","protected":false},"author":2,"featured_media":0,"comment_status":"open","ping_status":"open","sticky":false,"template":"","format":"standard","meta":[],"categories":[75],"tags":[],"_links":{"self":[{"href":"https:\/\/tejidohistorico.afrodescendientes.com\/index.php\/wp-json\/wp\/v2\/posts\/1210"}],"collection":[{"href":"https:\/\/tejidohistorico.afrodescendientes.com\/index.php\/wp-json\/wp\/v2\/posts"}],"about":[{"href":"https:\/\/tejidohistorico.afrodescendientes.com\/index.php\/wp-json\/wp\/v2\/types\/post"}],"author":[{"embeddable":true,"href":"https:\/\/tejidohistorico.afrodescendientes.com\/index.php\/wp-json\/wp\/v2\/users\/2"}],"replies":[{"embeddable":true,"href":"https:\/\/tejidohistorico.afrodescendientes.com\/index.php\/wp-json\/wp\/v2\/comments?post=1210"}],"version-history":[{"count":0,"href":"https:\/\/tejidohistorico.afrodescendientes.com\/index.php\/wp-json\/wp\/v2\/posts\/1210\/revisions"}],"wp:attachment":[{"href":"https:\/\/tejidohistorico.afrodescendientes.com\/index.php\/wp-json\/wp\/v2\/media?parent=1210"}],"wp:term":[{"taxonomy":"category","embeddable":true,"href":"https:\/\/tejidohistorico.afrodescendientes.com\/index.php\/wp-json\/wp\/v2\/categories?post=1210"},{"taxonomy":"post_tag","embeddable":true,"href":"https:\/\/tejidohistorico.afrodescendientes.com\/index.php\/wp-json\/wp\/v2\/tags?post=1210"}],"curies":[{"name":"wp","href":"https:\/\/api.w.org\/{rel}","templated":true}]}}