{"id":1236,"date":"2010-12-30T20:16:05","date_gmt":"2010-12-30T20:16:05","guid":{"rendered":"http:\/\/www2.nasaacin.org\/index.php\/2010\/12\/30\/onu-y-eeuu-reconocen-a-indigenas-en-los-papeles\/"},"modified":"2010-12-30T20:16:05","modified_gmt":"2010-12-30T20:16:05","slug":"onu-y-eeuu-reconocen-a-indigenas-en-los-papeles","status":"publish","type":"post","link":"https:\/\/tejidohistorico.afrodescendientes.com\/index.php\/2010\/12\/30\/onu-y-eeuu-reconocen-a-indigenas-en-los-papeles\/","title":{"rendered":"ONU y EEUU reconocen a ind\u00edgenas en los papeles"},"content":{"rendered":"<p \/>\n<p \/>En las postrimer\u00edas del a\u00f1o, Estados Unidos y la Organizaci\u00f3n de las Naciones Unidas (ONU) se volcaron hacia uno de los sectores m\u00e1s postergados del mundo, los pueblos ind\u00edgenas.  <!--more-->  <\/p>\n<p>A principios de 2011 comenzar\u00e1 el trabajo de preparaci\u00f3n de la primera Conferencia Mundial sobre Pueblos Ind\u00edgenas, que se realizar\u00e1 en 2014, de acuerdo con la resoluci\u00f3n adoptada por unanimidad la semana pasada en la Asamblea General de la ONU, de 192 miembros.<\/p>\n<p>Las tareas previas al encuentro, que durar\u00e1n tres a\u00f1os, incluyen la redacci\u00f3n de una elaborada propuesta de Plan de Acci\u00f3n.<\/p>\n<p>El principal objetivo es proteger los postergados derechos de las comunidades abor\u00edgenes y preservar sus culturas que desaparecen r\u00e1pidamente. Hay m\u00e1s de 370 millones de ind\u00edgenas, que representan m\u00e1s del cinco por ciento de la poblaci\u00f3n mundial y alrededor de 15 por ciento de los pobres, seg\u00fan datos de la ONU.<\/p>\n<p>A mediados de este mes, Estados Unidos avanz\u00f3 en la materia cuando el presidente, Barack Obama, anunci\u00f3 en la Conferencia de Naciones Tribales, realizada en la Casa Blanca, que reconoc\u00eda la Declaraci\u00f3n sobre los Derechos de los Pueblos Ind\u00edgenas, adoptada por la Asamblea General en septiembre de 2007.<\/p>\n<p>El anuncio fue hecho durante una reuni\u00f3n de Obama con l\u00edderes de las 565 tribus reconocidas en este pa\u00eds.<\/p>\n<p>Australia, Canad\u00e1, Estados Unidos y Nueva Zelanda, son los \u00fanicos que votaron en contra de la Declaraci\u00f3n.<\/p>\n<p>El documento establece derechos colectivos e individuales sobre los pueblos ind\u00edgenas, as\u00ed como sobre su derecho a la cultura, la identidad, la lengua, el empleo, la salud y la educaci\u00f3n.<\/p>\n<p>&#8220;Los ind\u00edgenas deben participar en los procesos internacionales que puedan afectarlos, pero sus problemas no se solucionar\u00e1n en conferencias&#8221;, dijo Christina Chauvenet, de Survival International USA (Siusa), al ser consultada por IPS sobre el papel que las comunidades abor\u00edgenes desempe\u00f1ar\u00e1n en el encuentro de 2014.<\/p>\n<p>El futuro de los pueblos ind\u00edgenas estar\u00e1 seguro cuando los gobiernos reconozcan su derecho a la tierra y que \u00e9ste debe ser protegido, indic\u00f3 Chauvenet.<\/p>\n<p>&#8220;El problema es que acaten sus compromisos&#8221;, a\u00f1adi\u00f3, refiri\u00e9ndose al apoyo universal a la Declaraci\u00f3n de la ONU.<\/p>\n<p>&#8220;S\u00f3lo se podr\u00e1 cumplir si mucha gente apoya su lucha y hacen que los gobiernos comprendan que se necesitan acciones reales, no palabras ni resoluciones de conferencias&#8221;, a\u00f1adi\u00f3 Chauvenet.<\/p>\n<p>El encuentro previsto para 2014 es significativo porque reconoce la necesidad de atender los derechos de los ind\u00edgenas en t\u00e9rminos de est\u00e1ndares internacionales, dijo a IPS la abogada y profesora de derecho Sarah H. Paoletti.<\/p>\n<p>&#8220;Su verdadero significado se medir\u00e1 en el resultado y en las medidas concretas que se tomen para garantizar que los derechos de los ind\u00edgenas son atendidos de forma inclusiva y valiosa&#8221;, se\u00f1al\u00f3 Paoletti, tambi\u00e9n directora de la Cl\u00ednica Legal Trasnacional, de la Facultad de Derecho de la Universidad de Pennsylvania.<\/p>\n<p>Las comunidades abor\u00edgenes deben desempe\u00f1ar un papel clave en la preparaci\u00f3n de la conferencia para que su opini\u00f3n est\u00e9 incluida en la planificaci\u00f3n y en los resultados buscados por la conferencia, indic\u00f3.<\/p>\n<p>Paoletti remarc\u00f3 que es importante reconocer que los ind\u00edgenas no son una unidad. &#8220;No es una poblaci\u00f3n monol\u00edtica y no puede ser tratada como tal&#8221;, a\u00f1adi\u00f3 la abogada, quien tambi\u00e9n es coordinadora del Proyecto Universal de Revisi\u00f3n Peri\u00f3dica, de la Red de Derechos Humanos de Estados Unidos.<\/p>\n<p>Es necesario generar los espacios para promover una participaci\u00f3n transparente e inclusiva de las comunidades ind\u00edgenas en la etapa preparatoria, a\u00f1adi\u00f3 Paoletti.<\/p>\n<p>En Estados Unidos, un ind\u00edgena tiene 62 por ciento m\u00e1s de posibilidades de suicidarse que cualquier otra persona y 600 veces m\u00e1s de contraer tuberculosis, seg\u00fan cifras de la ONU.<\/p>\n<p>La decisi\u00f3n de Obama de aprobar la Declaraci\u00f3n de la ONU marca un cambio importante respecto de anteriores posiciones de Washington y de su voluntad de colaborar con la comunidad internacional en la defensa de los derechos humanos, indic\u00f3 Paoletti.<\/p>\n<p>&#8220;Lo que importa son las acciones que toma el gobierno para mejorar la situaci\u00f3n de los derechos contenidos en la Declaraci\u00f3n para los ind\u00edgenas de este pa\u00eds y del mundo&#8221;, se\u00f1al\u00f3 el propio presidente de Estados Unidos.<\/p>\n<p>Washington s\u00f3lo podr\u00e1 reclamar autoridad moral en materia de derechos humanos si, primero, toma medidas concretas y afirmativas para mejorar la situaci\u00f3n interna, a\u00f1adi\u00f3 Paoletti.<\/p>\n<p>La Declaraci\u00f3n de la ONU es un patr\u00f3n de referencia para evaluar el trato dispensado a las comunidades ind\u00edgenas y un instrumento importante para erradicar el abuso, indic\u00f3 Tess Thackara, coordinadora de Siusa.<\/p>\n<p>Es un documento muy valioso, pero no es un tratado vinculante, record\u00f3.<\/p>\n<p>Siusa, adem\u00e1s, lanz\u00f3 una campa\u00f1a para que todos los pa\u00edses ratifiquen el Convenio 169 sobre Pueblos Ind\u00edgenas y Tribales, de la Organizaci\u00f3n Internacional del Trabajo, que s\u00ed es obligatorio.<\/p>\n<p>S\u00f3lo 22 estados ratificaron el Convenio 169.<\/p>\n<p>Por Thalif Deen<\/p>\n<p>NUEVA YORK, 29 dic<\/p>\n<p><a href=\"http:\/\/ipsnoticias.net\/wap\/news.asp?idnews=97229\">http:\/\/ipsnoticias.net\/wap\/news.asp?idnews=97229<\/a><\/p><\/p>\n","protected":false},"excerpt":{"rendered":"<p>En las postrimer\u00edas del a\u00f1o, Estados Unidos y la Organizaci\u00f3n de las Naciones Unidas (ONU) se volcaron hacia uno de los sectores m\u00e1s postergados del mundo, los pueblos ind\u00edgenas.<\/p>\n","protected":false},"author":2,"featured_media":0,"comment_status":"open","ping_status":"open","sticky":false,"template":"","format":"standard","meta":[],"categories":[75],"tags":[],"_links":{"self":[{"href":"https:\/\/tejidohistorico.afrodescendientes.com\/index.php\/wp-json\/wp\/v2\/posts\/1236"}],"collection":[{"href":"https:\/\/tejidohistorico.afrodescendientes.com\/index.php\/wp-json\/wp\/v2\/posts"}],"about":[{"href":"https:\/\/tejidohistorico.afrodescendientes.com\/index.php\/wp-json\/wp\/v2\/types\/post"}],"author":[{"embeddable":true,"href":"https:\/\/tejidohistorico.afrodescendientes.com\/index.php\/wp-json\/wp\/v2\/users\/2"}],"replies":[{"embeddable":true,"href":"https:\/\/tejidohistorico.afrodescendientes.com\/index.php\/wp-json\/wp\/v2\/comments?post=1236"}],"version-history":[{"count":0,"href":"https:\/\/tejidohistorico.afrodescendientes.com\/index.php\/wp-json\/wp\/v2\/posts\/1236\/revisions"}],"wp:attachment":[{"href":"https:\/\/tejidohistorico.afrodescendientes.com\/index.php\/wp-json\/wp\/v2\/media?parent=1236"}],"wp:term":[{"taxonomy":"category","embeddable":true,"href":"https:\/\/tejidohistorico.afrodescendientes.com\/index.php\/wp-json\/wp\/v2\/categories?post=1236"},{"taxonomy":"post_tag","embeddable":true,"href":"https:\/\/tejidohistorico.afrodescendientes.com\/index.php\/wp-json\/wp\/v2\/tags?post=1236"}],"curies":[{"name":"wp","href":"https:\/\/api.w.org\/{rel}","templated":true}]}}