{"id":1239,"date":"2010-12-31T17:57:16","date_gmt":"2010-12-31T17:57:16","guid":{"rendered":"http:\/\/www2.nasaacin.org\/index.php\/2010\/12\/31\/continua-persecucion-judicial-contra-feliciano-valencia\/"},"modified":"2010-12-31T17:57:16","modified_gmt":"2010-12-31T17:57:16","slug":"continua-persecucion-judicial-contra-feliciano-valencia","status":"publish","type":"post","link":"https:\/\/tejidohistorico.afrodescendientes.com\/index.php\/2010\/12\/31\/continua-persecucion-judicial-contra-feliciano-valencia\/","title":{"rendered":"Contin\u00faa persecuci\u00f3n judicial contra Feliciano Valencia"},"content":{"rendered":"<p \/>\n<p \/>Ni el ultimo d\u00eda del a\u00f1o 2010, ser\u00e1 para el l\u00edder ind\u00edgena FELICIANO VALENCIA un d\u00eda en el que pueda descansar de la zozobra que provoca la persecuci\u00f3n judicial y amenaza de la que contin\u00faa siendo objeto, por un lado por la negligencia de la justicia colombiana al mantener abierto un proceso que carece de sustento legal y que a todas luces se trata de una persecuci\u00f3n pol\u00edtica contra el l\u00edder ind\u00edgena; y por otro por que durante el a\u00f1o recibi\u00f3 5 amenazas de muerte.  <!--more-->  <\/p>\n<h3>DENUNCIA P\u00daBLICA:\u00a0CONTIN\u00daA PERSECUCION JUDICIAL CONTRA FELICIANO VALENCIA,\u00a0EL VOCERO DE LA MINGA DE RESISTENCIA SOCIAL Y COMUNITARIA,\u00a0FUE CITADO AUDIENCIA EN LA CIUDAD DE POPAYAN MA\u00d1ANA 31 DE DICIEMBRE.<\/h3>\n<p>Cauca, 30 de Diciembre de 2010<\/p>\n<p>OCHO MESES DE PERSECUCION<\/p>\n<p>Ni el ultimo d\u00eda del a\u00f1o 2010, \u00a0ser\u00e1 para el l\u00edder ind\u00edgena FELICIANO VALENCIA \u00a0un d\u00eda en el que pueda descansar de la zozobra que provoca la persecuci\u00f3n judicial \u00a0y amenaza de la que contin\u00faa siendo objeto, \u00a0por un lado por la negligencia de la justicia colombiana al mantener abierto un proceso que carece de sustento legal y que a todas luces se trata de una persecuci\u00f3n pol\u00edtica contra el l\u00edder ind\u00edgena; \u00a0y por otro por que durante el a\u00f1o recibi\u00f3 5 \u00a0amenazas de muerte.<\/p>\n<p>Como todos recordaran, Feliciano Valencia, Vocero de la Minga de Resistencia Social y Comunitaria, del Congreso de los Pueblos y Concejero de Paz de la Asociaci\u00f3n de Cabildos \u00a0Ind\u00edgenas del Norte del \u00a0Cauca, ACIN, \u00a0fue arbitrariamente detenido el pasado 10 de abril \u00a0y lo que es m\u00e1s grave, con la \u00a0privaci\u00f3n de su libertad en el aeropuerto Alfonso Bonilla Arag\u00f3n de la Ciudad de Cali, se le impidi\u00f3 \u00a0la participaci\u00f3n en dos importantes eventos internacionales el primero en la ciudad de Buenos Aires Argentina y \u00a0el segundo en Cochabamba Bolivia. El dirigente Ind\u00edgena debi\u00f3 ser dejado en libertad 12 horas despu\u00e9s, debido a que la Fiscal\u00eda no pose\u00eda \u00a0pruebas que sustentaran su detenci\u00f3n.<\/p>\n<p>La Audiencia fue citada para el 31 de diciembre de 2010 a las 9:00 a.m. en la ciudad de Popay\u00e1n y se relaciona con los hechos sucedidos el 16 de \u00a0Octubre de 2008, en los que el miembro del Ej\u00e9rcito Colombiano Jairo DANILO CHAPARRAL SANTIAGO, fue sorprendido por la guardia ind\u00edgena portando un morral con camuflados, radios de comunicaciones y manuales de armas y explosivos que deber\u00edan ser encontrados por la polic\u00eda para implicar a la Minga de Resistencia Social y Comunitaria \u00a0con alg\u00fan grupo guerrillero, seg\u00fan lo dispuesto desde la direcci\u00f3n de inteligencia del Batall\u00f3n de contraguerrilla n\u00famero 15 &#8216;Libertadores&#8217;, a donde el suboficial de origen ind\u00edgena se encontraba adscrito.<\/p>\n<p>CHAPARRAL fue sancionado con 20 \u00a0fuetazos de acuerdo a la legislaci\u00f3n ind\u00edgena y porque se prob\u00f3 \u00a0que se hab\u00eda infiltrado en la Minga de Resistencia Social y comunitaria \u00a0en el resguardo ind\u00edgena de la Mar\u00eda Piendam\u00f3 para realizar acciones de inteligencia, atentados y montajes contra las autoridades y dem\u00e1s integrantes de las comunidades movilizadas. La sanci\u00f3n de CHAPARRAL fue decidida en una audiencia p\u00fablica con presencia de m\u00e1s de cinco mil personas entre los que se encontraban la Defensor\u00eda del Pueblo, organismos de derechos humanos y medios de comunicaciones nacionales e internacionales, entre otros.<\/p>\n<p>La Fiscal\u00eda General de la Naci\u00f3n, en lugar de abrir investigaci\u00f3n contra el Soldado DANILO CHAPARRAL SANTIAGO y quienes le dieron la orden de infiltrar \u00a0la Minga, \u00a0 \u00a0inicio el proceso en contra de las autoridades ind\u00edgenas del Cauca y en particular contra FELICIANO VALENCIA \u00a0acus\u00e1ndolo de manera arbitraria de delitos inexistentes por medio de burdos montajes judiciales.<\/p>\n<p>SOLICITAMOS<\/p>\n<p>A las autoridades Judiciales, cese la persecuci\u00f3n contra FELICIANO VALENCIA.<\/p>\n<p>A los organismos de Naciones Unidas, OEA, OIT, de acuerdo a sus mandatos y \u00a0normas internacionales de protecci\u00f3n a los derechos humanos, realicen las investigaciones sobre la arbitrariedad de este caso y aplique las sanciones correspondientes.<\/p>\n<p>Solicitamos a la comunidad Nacional e Internacional exigir al gobierno colombiano el cumplimiento de normas internas e internacionales de respeto a los derechos humanos.<\/p>\n<p>ASOCIACION PARA LA INVESTIGACION Y ACCION SOCIAL NOMADESC<\/p>\n<p>ASOCIACION DE CABILDOS \u00a0INDIGENAS DEL NORTE DEL CAUCA ACIN<\/p>\n<p>MINGA DE RESISTENCIA SOCIAL Y COMUNITARIA<\/p>\n<p>COORPORACION SERVICIOS PROFESIONALES COMUNITARIOS SEMBRAR<\/p>\n<p>FEDERACION AGROMINERA DEL SUR DE BOLIVAR<\/p>\n<p>FUNDACION COMIT\u00c9 DE SOLIDARIDAD CON PRESOS POLITICOS VALLE DEL CAUCA<\/p>\n<p>ASOCIACI\u00d3N PARA EL DESARROLLO SOCIAL INTEGRAL ECATE<\/p>\n<p>SINTRAMINERCOL<\/p>\n<p>CENTRAL UNITARIA DE TRABAJADORES \u00a0CUT \u2013 VALLE DEL CAUCA<\/p>\n<p>SINTRAUNICOL<\/p>\n<p>RED DE HERMANDAD Y SOLIDARIDAD CON COLOMBIA REDHER<\/p>\n<p>CAMPA\u00d1A PROHIBIDO OLVIDAR<\/p>\n<p>SIGUEN FIRMAS \u2026.<\/p><\/p>\n","protected":false},"excerpt":{"rendered":"<p>Ni el ultimo d\u00eda del a\u00f1o 2010, ser\u00e1 para el l\u00edder ind\u00edgena FELICIANO VALENCIA un d\u00eda en el que pueda descansar de la zozobra que provoca la persecuci\u00f3n judicial y amenaza de [&hellip;]<\/p>\n","protected":false},"author":2,"featured_media":0,"comment_status":"open","ping_status":"open","sticky":false,"template":"","format":"standard","meta":[],"categories":[75],"tags":[],"_links":{"self":[{"href":"https:\/\/tejidohistorico.afrodescendientes.com\/index.php\/wp-json\/wp\/v2\/posts\/1239"}],"collection":[{"href":"https:\/\/tejidohistorico.afrodescendientes.com\/index.php\/wp-json\/wp\/v2\/posts"}],"about":[{"href":"https:\/\/tejidohistorico.afrodescendientes.com\/index.php\/wp-json\/wp\/v2\/types\/post"}],"author":[{"embeddable":true,"href":"https:\/\/tejidohistorico.afrodescendientes.com\/index.php\/wp-json\/wp\/v2\/users\/2"}],"replies":[{"embeddable":true,"href":"https:\/\/tejidohistorico.afrodescendientes.com\/index.php\/wp-json\/wp\/v2\/comments?post=1239"}],"version-history":[{"count":0,"href":"https:\/\/tejidohistorico.afrodescendientes.com\/index.php\/wp-json\/wp\/v2\/posts\/1239\/revisions"}],"wp:attachment":[{"href":"https:\/\/tejidohistorico.afrodescendientes.com\/index.php\/wp-json\/wp\/v2\/media?parent=1239"}],"wp:term":[{"taxonomy":"category","embeddable":true,"href":"https:\/\/tejidohistorico.afrodescendientes.com\/index.php\/wp-json\/wp\/v2\/categories?post=1239"},{"taxonomy":"post_tag","embeddable":true,"href":"https:\/\/tejidohistorico.afrodescendientes.com\/index.php\/wp-json\/wp\/v2\/tags?post=1239"}],"curies":[{"name":"wp","href":"https:\/\/api.w.org\/{rel}","templated":true}]}}