{"id":1256,"date":"2011-01-08T00:11:49","date_gmt":"2011-01-08T00:11:49","guid":{"rendered":"http:\/\/www2.nasaacin.org\/index.php\/2011\/01\/08\/cauca-enfrentamiento-armado-pone-en-riesgo-la-vida-de-la-poblacion-civil\/"},"modified":"2011-01-08T00:11:49","modified_gmt":"2011-01-08T00:11:49","slug":"cauca-enfrentamiento-armado-pone-en-riesgo-la-vida-de-la-poblacion-civil","status":"publish","type":"post","link":"https:\/\/tejidohistorico.afrodescendientes.com\/index.php\/2011\/01\/08\/cauca-enfrentamiento-armado-pone-en-riesgo-la-vida-de-la-poblacion-civil\/","title":{"rendered":"Cauca: enfrentamiento armado pone en riesgo la vida de la poblaci\u00f3n civil"},"content":{"rendered":"<p>El jueves 06 de enero del a\u00f1o 2011, siendo aproximadamente a las 6:00 de la tarde y por espacio\u00a0de dos horas aproximadamente, se presentaron enfrentamientos entre la Guerrilla de las FARC y la Fuerza P\u00fablica (ej\u00e9rcito nacional) quedando en medio del conflicto la comunidad de\u00a0las veredas\u00a0de Soto, Gallinazas y el Triunfo del Resguardo de Tacuey\u00f3, municipio de Toribio &#8211; Cauca.<\/p>\n<p>  <!--more-->  <\/p>\n<h3>La disputa de nuestro territorio\u00a0 por parte de los actores armados nuevamente pone en riesgo la vida de la poblaci\u00f3n civil<\/h3>\n<p>Resguardo ind\u00edgena de Tacuey\u00f3 enero 07\u00a0de 2011<\/p>\n<p><strong>HECHOS:<\/strong><\/p>\n<p>El jueves 06 de enero del a\u00f1o 2011, siendo aproximadamente a las 6: 00 de la tarde y por espacio\u00a0 de dos horas aproximadamente, se presentaron enfrentamientos entre la Guerrilla de las FARC y la Fuerza Publica (ejercito nacional) quedando en medio del conflicto la comunidad de\u00a0 las veredas\u00a0 de Soto, gallinazas y el triunfo. Como consecuencia de este hecho resultaron heridas dos comuneras de la vereda soto, quienes por la gravedad de las heridas debieron ser trasladadas hasta el centro de salud ESE CXYUCE JXUT de Tacuey\u00f3, hoy 07 de enero Directivos del Cabildo de Tacueyo, alguaciles, la Guardia Ind\u00edgena en compa\u00f1\u00eda de la comunidad, realizaron\u00a0 una inspecci\u00f3n ocular a las veredas afectadas, con el animo de identificar a los comuneros\u00a0 que resultaron afectados con\u00a0 da\u00f1os a sus bienes\u00a0 civiles (viviendas y animales).\u00a0 Adem\u00e1s de exigir respeto a la vida y al territorio a los sectores armados quienes se disputan el control de nuestro territorio sin importar que numerosas familias de la comunidad est\u00e9n en continuo\u00a0 riesgo en cada arremetida que se presenta.<\/p>\n<p>Las comuneras heridas son: NATALIA MOSQUERA RIVERA, de aproximadamente 40\u00a0 a\u00f1os de edad, qui\u00e9n resulto herida por esquirlas tras la explosi\u00f3n de un artefacto que ingreso por el techo de la vivienda, dejando tambi\u00e9n da\u00f1os en su fachada, la menor, MARIA ANGELA RUIZ MOSQUERA de 14 a\u00f1os de edad resulto herida tras ser alcanzada con esquirlas del artefacto explosivo. Reportes de los directivos que recorrieron las veredas afectadas informan de m\u00e1s de 10 viviendas afectadas tras ser alcanzadas por esquirlas de artefactos y por tiros de proyectiles de fusil.<\/p>\n<p>Reportes del centro de salud informan que debido a la gravedad de las heridas debi\u00f3 ser trasladada a un hospital de segundo nivel la se\u00f1ora NATALIA MOSQUERA RIVERA, mientras que la menor de edad fue dada de alta y nuevamente retorno a su vereda.<\/p>\n<p>Frente a los hechos una vez mas la comunidad solicita a los actores armados el respeto a la vida, al territorio y solicita a los organismos defensores de los derechos humanos intermedien para que\u00a0 exijan respeto para los territorios ind\u00edgenas y sus integrantes.<\/p>\n<p>Dado en las oficinas del cabildo ind\u00edgena del resguardo de Tacuey\u00f3 a los d\u00edas 07 de enero\u00a0 del a\u00f1o 2011.<\/p>\n<p>Firman:<\/p>\n<p><strong>Directivos cabildo de Tacuey\u00f3 y comit\u00e9 investigativo del resguardo<\/strong><\/p>\n","protected":false},"excerpt":{"rendered":"<p>El jueves 06 de enero del a\u00f1o 2011, siendo aproximadamente a las 6:00 de la tarde y por espacio\u00a0de dos horas aproximadamente, se presentaron enfrentamientos entre la Guerrilla de las FARC y [&hellip;]<\/p>\n","protected":false},"author":2,"featured_media":0,"comment_status":"open","ping_status":"open","sticky":false,"template":"","format":"standard","meta":[],"categories":[75],"tags":[],"_links":{"self":[{"href":"https:\/\/tejidohistorico.afrodescendientes.com\/index.php\/wp-json\/wp\/v2\/posts\/1256"}],"collection":[{"href":"https:\/\/tejidohistorico.afrodescendientes.com\/index.php\/wp-json\/wp\/v2\/posts"}],"about":[{"href":"https:\/\/tejidohistorico.afrodescendientes.com\/index.php\/wp-json\/wp\/v2\/types\/post"}],"author":[{"embeddable":true,"href":"https:\/\/tejidohistorico.afrodescendientes.com\/index.php\/wp-json\/wp\/v2\/users\/2"}],"replies":[{"embeddable":true,"href":"https:\/\/tejidohistorico.afrodescendientes.com\/index.php\/wp-json\/wp\/v2\/comments?post=1256"}],"version-history":[{"count":0,"href":"https:\/\/tejidohistorico.afrodescendientes.com\/index.php\/wp-json\/wp\/v2\/posts\/1256\/revisions"}],"wp:attachment":[{"href":"https:\/\/tejidohistorico.afrodescendientes.com\/index.php\/wp-json\/wp\/v2\/media?parent=1256"}],"wp:term":[{"taxonomy":"category","embeddable":true,"href":"https:\/\/tejidohistorico.afrodescendientes.com\/index.php\/wp-json\/wp\/v2\/categories?post=1256"},{"taxonomy":"post_tag","embeddable":true,"href":"https:\/\/tejidohistorico.afrodescendientes.com\/index.php\/wp-json\/wp\/v2\/tags?post=1256"}],"curies":[{"name":"wp","href":"https:\/\/api.w.org\/{rel}","templated":true}]}}