{"id":1262,"date":"2011-01-10T20:04:22","date_gmt":"2011-01-10T20:04:22","guid":{"rendered":"http:\/\/www2.nasaacin.org\/index.php\/2011\/01\/10\/solidaridad-al-trabajo-periodistico-del-tejido-de-comunicacion\/"},"modified":"2011-01-10T20:04:22","modified_gmt":"2011-01-10T20:04:22","slug":"solidaridad-al-trabajo-periodistico-del-tejido-de-comunicacion","status":"publish","type":"post","link":"https:\/\/tejidohistorico.afrodescendientes.com\/index.php\/2011\/01\/10\/solidaridad-al-trabajo-periodistico-del-tejido-de-comunicacion\/","title":{"rendered":"Solidaridad al trabajo period\u00edstico del Tejido de Comunicaci\u00f3n"},"content":{"rendered":"<p>Reciba esta carta de solidaridad y apoyo en nombre de los miembros y redactores\u00a0del cooperativa de medios de Vancouver, un medio de comunicaci\u00f3n independiente\u00a0con sede en Vancouver, Canad\u00e1.\u00a0El trabajo period\u00edstico del Tejido de comunicaci\u00f3n es ejemplar en un ambiente de\u00a0terror y autoritarismo en el que est\u00e1 trabajando. Teniendo en cuenta esto,\u00a0queremos extender nuestro m\u00e1s profundo apoyo y solidaridad con ustedes.<\/p>\n<p>  <!--more-->  <\/p>\n<p>\u00a0<\/p>\n<p>\u00a0<\/p>\n<p><strong>Enero, 2011<\/strong><\/p>\n<p><strong>Queridos periodistas, editores, productores de video y coordinadores del Tejido de\u00a0Comunicaci\u00f3n,<\/strong><\/p>\n<p>Reciba esta carta de solidaridad y apoyo en nombre de los miembros y redactores\u00a0del cooperativa de medios de Vancouver, un medio de comunicaci\u00f3n independiente\u00a0con sede en Vancouver, Canad\u00e1.<\/p>\n<p>Como un equipo de voluntarios que trabajan para exponer las injusticias y\u00a0documentar los movimientos sociales en Vancouver y Columbia Brit\u00e1nica, a veces\u00a0hemos llevado historias y art\u00edculos de opini\u00f3n que han generado las cr\u00edticas no s\u00f3lo\u00a0desde la derecha, pero tambi\u00e9n han habido llamados de censura de gente que\u00a0supon\u00edamos eran nuestros aliados.<\/p>\n<p>A pesar de que estos casos que a veces han sido dif\u00edcil para nuestro equipo, tambi\u00e9n\u00a0han fortalecido nuestra organizaci\u00f3n. A pesar de estas experiencias, hemos seguido\u00a0publicando noticias locales, independientes y v\u00eddeos que desaf\u00edan el status quo.<\/p>\n<p>D\u00eda a d\u00eda, los miembros del Tejido est\u00e1n trabajando en un ambiente impregnado por\u00a0el terror, donde las amenazas contra los medios independientes proceden de una\u00a0gran cantidad de actores armados, as\u00ed como de las organizaciones establecidas,\u00a0cuyas posiciones son cuestionados por los medios de comunicaci\u00f3n basados en la\u00a0comunidad.<\/p>\n<p>Con demasiada frecuencia, estas amenazas se llevan a cabo. Los miembros del\u00a0Tejido se han visto obligados a exiliarse, han sido golpeado y asesinados. Nos pesa\u00a0profundamente en nuestros corazones, que tengan que trabajar en estas\u00a0condiciones tan peligrosas.<\/p>\n<p>El trabajo period\u00edstico del Tejido de comunicaci\u00f3n es ejemplar en un ambiente de\u00a0terror y autoritarismo en el que est\u00e1 trabajando. Teniendo en cuenta esto,\u00a0queremos extender nuestro m\u00e1s profundo apoyo y solidaridad con ustedes.<\/p>\n<p>Abrazos,<\/p>\n<p>Colectivo de la cooperativa de medios de Vancouver<\/p>\n<p>http:\/\/vancouver.mediacoop.ca<\/p>\n<p>\u00a0<\/p>\n<p>\u00a0<\/p>\n","protected":false},"excerpt":{"rendered":"<p>Reciba esta carta de solidaridad y apoyo en nombre de los miembros y redactores\u00a0del cooperativa de medios de Vancouver, un medio de comunicaci\u00f3n independiente\u00a0con sede en Vancouver, Canad\u00e1.\u00a0El trabajo period\u00edstico del Tejido [&hellip;]<\/p>\n","protected":false},"author":2,"featured_media":0,"comment_status":"open","ping_status":"open","sticky":false,"template":"","format":"standard","meta":[],"categories":[61],"tags":[],"_links":{"self":[{"href":"https:\/\/tejidohistorico.afrodescendientes.com\/index.php\/wp-json\/wp\/v2\/posts\/1262"}],"collection":[{"href":"https:\/\/tejidohistorico.afrodescendientes.com\/index.php\/wp-json\/wp\/v2\/posts"}],"about":[{"href":"https:\/\/tejidohistorico.afrodescendientes.com\/index.php\/wp-json\/wp\/v2\/types\/post"}],"author":[{"embeddable":true,"href":"https:\/\/tejidohistorico.afrodescendientes.com\/index.php\/wp-json\/wp\/v2\/users\/2"}],"replies":[{"embeddable":true,"href":"https:\/\/tejidohistorico.afrodescendientes.com\/index.php\/wp-json\/wp\/v2\/comments?post=1262"}],"version-history":[{"count":0,"href":"https:\/\/tejidohistorico.afrodescendientes.com\/index.php\/wp-json\/wp\/v2\/posts\/1262\/revisions"}],"wp:attachment":[{"href":"https:\/\/tejidohistorico.afrodescendientes.com\/index.php\/wp-json\/wp\/v2\/media?parent=1262"}],"wp:term":[{"taxonomy":"category","embeddable":true,"href":"https:\/\/tejidohistorico.afrodescendientes.com\/index.php\/wp-json\/wp\/v2\/categories?post=1262"},{"taxonomy":"post_tag","embeddable":true,"href":"https:\/\/tejidohistorico.afrodescendientes.com\/index.php\/wp-json\/wp\/v2\/tags?post=1262"}],"curies":[{"name":"wp","href":"https:\/\/api.w.org\/{rel}","templated":true}]}}