{"id":1278,"date":"2011-01-15T15:01:00","date_gmt":"2011-01-15T15:01:00","guid":{"rendered":"http:\/\/www2.nasaacin.org\/index.php\/2011\/01\/15\/evo-y-pinera-hermanados-por-las-petroleras\/"},"modified":"2011-01-15T15:01:00","modified_gmt":"2011-01-15T15:01:00","slug":"evo-y-pinera-hermanados-por-las-petroleras","status":"publish","type":"post","link":"https:\/\/tejidohistorico.afrodescendientes.com\/index.php\/2011\/01\/15\/evo-y-pinera-hermanados-por-las-petroleras\/","title":{"rendered":"Evo y Pi\u00f1era hermanados por las petroleras"},"content":{"rendered":"<p>Un indio de \u201cizquierda\u201d y un patr\u00f3n de \u201cultraderecha\u201d con el mismo plan: El pueblo paga tarifazo para que las transnacionales ganen m\u00e1s.<\/p>\n<p>  <!--more-->  <\/p>\n<p>Los presidentes Evo Morales y Sebasti\u00e1n Pi\u00f1era mantienen posturas ideol\u00f3gicas antag\u00f3nicas e irreconciliables, aunque en la vida real piensan y act\u00faan igual. Ambos decretaron sendos aumentos de precios de carburantes con enorme costo social y pol\u00edtico; usaron los mismos argumentos para justificar sus impopulares pero \u201cnecesarias e inevitables\u201d medidas, y ahora los dos confiesan que los tarifazos en Bolivia y Chile tienen un mismo objetivo: \u201cincentivar\u201d la explotaci\u00f3n de yacimientos hidrocarbur\u00edferos.<\/p>\n<p>Las marchas, concentraciones, cacerolazos, barricadas y bloqueos de carreteras destacaron el 12 de enero, primera jornada del paro indefinido declarado en la regi\u00f3n chilena de Magallanes y Ant\u00e1rtica contra la subida del precio del gas dom\u00e9stico en casi 20 por ciento. Las protestas tienen como epicentro a Punta Arenas, Puerto Natales y Porvenir.<\/p>\n<p>Parlamentarios, alcaldes, empresarios, autoridades religiosas, estudiantes, trabajadores de todos los gremios y ciudadan\u00eda de la regi\u00f3n apoyan la medida de fuerza contra el tarifazo de Pi\u00f1era, que seg\u00fan algunos expertos ser\u00eda el primer paso hacia la privatizaci\u00f3n del petr\u00f3leo chileno.<\/p>\n<p>La verdadera intenci\u00f3n es asegurar un buen negocio para el sector privado, comenta la diputada dem\u00f3crata cristiana de la Patagonia Carolina Goic, mientras que el acad\u00e9mico de la Universidad de Santiago Bernardo Navarrete sospecha que la Empresa Nacional del Petr\u00f3leo y la distribuidora Gasco planean la privatizaci\u00f3n del sector.<\/p>\n<p>El gas y el petr\u00f3leo en Magallanes son cada d\u00eda m\u00e1s escasos y, si no los cuidamos se van a extinguir, afirm\u00f3 Pi\u00f1era, e insisti\u00f3 en la necesidad de elevar el precio del gas domiciliario para \u201cfomentar un uso m\u00e1s racional y una mayor exploraci\u00f3n y b\u00fasqueda de nuevas fuentes de gas y petr\u00f3leo en la regi\u00f3n\u201d. El Presidente Evo Morales dijo exactamente lo mismo para justificar el frustrado gasolinazo en Bolivia.<\/p>\n<p>El Presidente \u201cizquierdista\u201d decret\u00f3 el 26 de diciembre un gasolinazo que aumentaba los precios de la gasolina y del diesel de hasta en 80%, supuestamente para frenar el contrabando e \u201cincentivar\u201d la explotaci\u00f3n\u201d de yacimientos petroleros, pero una semana despu\u00e9s una violenta movilizaci\u00f3n popular de un pueblo cada vez m\u00e1s furioso le oblig\u00f3 a anular el decreto.<\/p>\n<p>Doy un paso atr\u00e1s porque promet\u00ed gobernar obedeciendo al pueblo, explic\u00f3 Morales, pero advirti\u00f3 que \u201ctarde o temprano\u201d tendr\u00e1 que \u201cnivelar\u201d los precios de los carburantes; desde entonces \u201cconsensua\u201d un \u201ctarifazo en cuotas\u201d con las organizaciones sociales afines a su gobierno.<\/p>\n<p>El mi\u00e9rcoles de esta semana el Presidente revel\u00f3 que ya en 2007 y 2008 se dio cuenta de que \u201cera grave no acabar con la subvenci\u00f3n (de los carburantes)\u201d, y reiter\u00f3 que \u201cnivelar el precio de los combustibles no es solamente para acabar con la corrupci\u00f3n y el contrabando, sino para garantizar la inversi\u00f3n\u201d.<\/p>\n<p>\u201cCombustibles como el gas nos da plata; la gasolina y el diesel podr\u00edan (tambi\u00e9n) dar plata al Estado para seguir mejorando la econom\u00eda\u2026 hay proyectos de exploraci\u00f3n y explotaci\u00f3n petrolera (en el pa\u00eds), pero ninguna empresa, y peor los socios, quieren invertir a p\u00e9rdida\u201d, argument\u00f3 el Presidente.<\/p>\n<p>Este jueves, Morales confes\u00f3 que se arrepiente de no haber defendido su gasolinazo, elogi\u00f3 nuevamente a los \u201cpatriotas\u201d que apoyaron la medida y conmin\u00f3 a los \u201ctraidores\u201d que se opusieron a presentar propuestas alternativas. En cuesti\u00f3n de horas, organizaciones sociales, expertos y hasta ex autoridades del propio gobierno del MAS le demostraron que si existen medidas alternativas a la neoliberal y pro petrolera \u201cnivelaci\u00f3n\u201d de precios.<\/p>\n<p>En vez de meter mano al bolsillo de la gente, que el gobierno deje de regalar dinero a las transnacionales, recomend\u00f3 el ex viceministro de Tierras Alejandro Almaraz. Las empresas reciben mucho dinero por concepto de \u201cdevoluci\u00f3n\u201d del IVA, del Impuesto a las Transacciones y hasta de \u201cinversiones\u201d, pese a que la \u201cmigraci\u00f3n\u201d de sus contratos no les ha privado de la posesi\u00f3n y disfrute de esas inversiones, pues contin\u00faan siendo los socios operadores de la explotaci\u00f3n en sus respectivas \u00e1reas. El Estado pag\u00f3 a las capitalizadoras de Transredes 250 millones de d\u00f3lares por sus acciones, critic\u00f3 Almaraz.<\/p>\n<p>El gobierno quiere invertir en carreteras y obras sociales los 380 millones de d\u00f3lares que gasta en la subvenci\u00f3n de carburantes. \u201c\u00bfCu\u00e1ntos hospitales, kil\u00f3metros de carretera y conexiones de agua potable se podr\u00edan financiar con los 700 millones de d\u00f3lares que regalamos anualmente al Brasil en l\u00edquidos asociados al gas que le vendemos, a falta de la tan famosa y largamente anunciada planta separadora que s\u00f3lo cuesta alrededor de 150 millones de d\u00f3lares?\u201d, pregunt\u00f3 Almaraz.<\/p>\n<p>La Uni\u00f3n Nacional de Defensores de los Recursos Naturales de Bolivia (UNADERENA) plante\u00f3 eliminar la subvenci\u00f3n de GLP y gasolina a Petrobras, con lo cual Bolivia percibir\u00eda alrededor de 700 millones de d\u00f3lares anuales hasta 2019, suficiente dinero para detener el gasolinazo e implementar programas de desarrollo.<\/p>\n<p>En vez de fungir como abogado de las transnacionales, el gobierno de Morales deber\u00eda evaluar de manera profunda los costos de producci\u00f3n de las empresas que operan en Bolivia, los m\u00e1s bajos del mundo, precisaron Almaraz, UNARADENA y el economista Hugo Vaca de la Torre.<\/p>\n<p>Antes de la nacionalizaci\u00f3n Repsol declar\u00f3 que producir un barril de petr\u00f3leo en Bolivia le costaba 10 d\u00f3lares. El ex delegado gubernamental para la Revisi\u00f3n del proceso de Capitalizaci\u00f3n Juan Carlos Virreira, fallecido en un accidente a\u00e9reo, demostr\u00f3 que producir un barril de petr\u00f3leo en Bolivia cuesta menos de cinco d\u00f3lares. Entonces, \u00bfno ser\u00e1 mucho pagarles ahora 60 d\u00f3lares por barril?, cuestion\u00f3 Almaraz.<\/p>\n<p>\u201cEs importante remarcar que toda la producci\u00f3n de hidrocarburos, de acuerdo a la Ley 3058 y el Decreto de Nacionalizaci\u00f3n 28701, descontado el consumo propio para la extracci\u00f3n de hidrocarburos, es entregada a YPFB, recibiendo las petroleras una rentabilidad mayor al 30%, adem\u00e1s de recuperar todos sus costos de producci\u00f3n, en una especie de doble beneficio\u201d, observ\u00f3 Vaca de la Torre.<\/p>\n<p>La conclusi\u00f3n de todo esto es que el pa\u00eds contin\u00faa subordinado a las transnacionales porque el gobierno nacionalista del MAS nunca ejecut\u00f3 una verdadera nacionalizaci\u00f3n ni mucho menos consolid\u00f3 a YPFB como operadora directa en la producci\u00f3n de hidrocarburos, coinciden analistas, expertos y activistas sociales. Pero para el Presidente Morales, el meollo del problema es la \u201csubvenci\u00f3n que desangra la econom\u00eda nacional\u201d.<\/p>\n<p>\u201cNos hemos equivocado (al mantener) la subvenci\u00f3n que es un c\u00e1ncer para la econom\u00eda nacional\u201d, coment\u00f3 el Presidente este jueves, y dijo que se arrepiente de no haber defendido el gasolinazo, que ten\u00eda como fin \u00faltimo aumentar el precio de compra del barril de petr\u00f3leo de 27 a 59 d\u00f3lares para \u201cincentivar\u201d las inversiones petroleras.<\/p>\n<p>El presidente ind\u00edgena de \u201cizquierda\u201d fue tan claro y contundente como su colega chileno de \u201cultraderecha\u201d: Lo importante ahora es que las transnacionales ganen m\u00e1s dinero e inviertan m\u00e1s y que el pueblo se resigne a pagar la factura.<\/p>\n<p>\u00a0<\/p>\n<p>\u00a0<\/p>\n<p>http:\/\/www.argenpress.info\/2011\/01\/evo-y-pinera-hermanados-por-las.html<\/p>\n","protected":false},"excerpt":{"rendered":"<p>Un indio de \u201cizquierda\u201d y un patr\u00f3n de \u201cultraderecha\u201d con el mismo plan: El pueblo paga tarifazo para que las transnacionales ganen m\u00e1s.<\/p>\n","protected":false},"author":1,"featured_media":0,"comment_status":"open","ping_status":"open","sticky":false,"template":"","format":"standard","meta":[],"categories":[75],"tags":[],"_links":{"self":[{"href":"https:\/\/tejidohistorico.afrodescendientes.com\/index.php\/wp-json\/wp\/v2\/posts\/1278"}],"collection":[{"href":"https:\/\/tejidohistorico.afrodescendientes.com\/index.php\/wp-json\/wp\/v2\/posts"}],"about":[{"href":"https:\/\/tejidohistorico.afrodescendientes.com\/index.php\/wp-json\/wp\/v2\/types\/post"}],"author":[{"embeddable":true,"href":"https:\/\/tejidohistorico.afrodescendientes.com\/index.php\/wp-json\/wp\/v2\/users\/1"}],"replies":[{"embeddable":true,"href":"https:\/\/tejidohistorico.afrodescendientes.com\/index.php\/wp-json\/wp\/v2\/comments?post=1278"}],"version-history":[{"count":0,"href":"https:\/\/tejidohistorico.afrodescendientes.com\/index.php\/wp-json\/wp\/v2\/posts\/1278\/revisions"}],"wp:attachment":[{"href":"https:\/\/tejidohistorico.afrodescendientes.com\/index.php\/wp-json\/wp\/v2\/media?parent=1278"}],"wp:term":[{"taxonomy":"category","embeddable":true,"href":"https:\/\/tejidohistorico.afrodescendientes.com\/index.php\/wp-json\/wp\/v2\/categories?post=1278"},{"taxonomy":"post_tag","embeddable":true,"href":"https:\/\/tejidohistorico.afrodescendientes.com\/index.php\/wp-json\/wp\/v2\/tags?post=1278"}],"curies":[{"name":"wp","href":"https:\/\/api.w.org\/{rel}","templated":true}]}}