{"id":1309,"date":"2011-01-31T16:17:06","date_gmt":"2011-01-31T16:17:06","guid":{"rendered":"http:\/\/www2.nasaacin.org\/index.php\/2011\/01\/31\/a-toda-maquina\/"},"modified":"2011-01-31T16:17:06","modified_gmt":"2011-01-31T16:17:06","slug":"a-toda-maquina","status":"publish","type":"post","link":"https:\/\/tejidohistorico.afrodescendientes.com\/index.php\/2011\/01\/31\/a-toda-maquina\/","title":{"rendered":"A toda m\u00e1quina"},"content":{"rendered":"<p>Mal Comienza la locomotora minera. Se descarrila. Los rieles son herrumbrosos, est\u00e1n rotos y no s\u00f3lo son discontinuos, sino que no son paralelos. Adem\u00e1s, la m\u00e1quina es obsoleta. La explosi\u00f3n en la mina La Preciosa, vereda San Roque, municipio de Sardinata, Norte de Santander, dej\u00f3 21 muertos. En 2007 la misma mina dej\u00f3 32 obreros muertos por la misma causa: estall\u00f3 una bomba de gas metano.<\/p>\n<p>  <!--more-->  <\/p>\n<p>\u00a0<\/p>\n<p>En Amag\u00e1 murieron el a\u00f1o pasado 87 mineros. Ingeominas declara que en 2005 hubo 40 emergencias de explosi\u00f3n o derrumbe y 37 muertos; en 2010, 76 emergencias con 176 muertos. Las cifras de la Defensor\u00eda del Pueblo son m\u00e1s alarmantes: en los \u00faltimos tres a\u00f1os han muerto 216 obreros en minas de carb\u00f3n y oro. El ministro Carlos Rodado se ha excusado: es que para controlar la seguridad en 6.000 minas s\u00f3lo hay 13 empleados. De otro lado, seg\u00fan cifras oficiales, para vigilar la protecci\u00f3n social hay 350 inspectores para todo el sector minero energ\u00e9tico. La seguridad minera \u2014salvo, claro est\u00e1, la que rodea con ametralladoras o ca\u00f1ones las zonas de las grandes compa\u00f1\u00edas\u2014 es pr\u00e1cticamente nula. Y no es f\u00e1cil de aumentar y poner, digamos, a nivel de la de Chile, o de Per\u00fa, porque, como dice un experto de la Universidad Nacional, la rentabilidad prevalece sobre la seguridad. \u00a1\u00bfCu\u00e1nto no dejar\u00edan de ganar los empresarios mineros si se parara la explotaci\u00f3n de un entable para medir tres veces diarias los niveles de gas metano y de polvillo de carb\u00f3n?! M\u00e1s barato, dir\u00e1n, es pasarle un billete al inspector; o pagar los entierros con los fondos de la tan de moda responsabilidad empresarial que sus se\u00f1oras han creado y que sirven hasta para enviar coronas a los sepelios.<\/p>\n<p>La realidad es dram\u00e1tica. Las licencias las da Ingeominas sobre papeles que las mismas empresas interesadas llenan; en los municipios, los alcaldes, siempre a la caza de \u201ccolaboraciones generosas\u201d y con el chantaje del empleo sobre sus puestos, terminan firmando lo que las empresas pidan. El mismo tr\u00e1mite existe en las corporaciones de desarrollo regional para obtener los permisos ambientales: las aceitan.<\/p>\n<p>Legalizar la explotaci\u00f3n de minas es f\u00e1cil y barato: basta untarle la mano a quien se ponga intenso, r\u00edgido o terco. (Ahora se usa regalar collares de oro para borrar las huellas del soborno). Visto as\u00ed, los empresarios pagan varios tributos para poder funcionar: a paras o guerrillas; a la fuerza p\u00fablica, a trav\u00e9s de colaboraciones institucionales; al Estado, y a los funcionarios del Estado. Y tambi\u00e9n a las comunidades para que las fuerzas vivas no hagan manifestaciones que incomoden o denuncien los atropellos por venir: regalan la pintura para una escuelita, pagan cinco obreros para que hagan las cunetas en una trochita, otorgan tres bequitas, siembran 12 pinitos. Obras p\u00edas, todas en diminutivo. Y ya. A que la m\u00e1quina ruede.<\/p>\n<p>\u00bfC\u00f3mo va el gobierno actual a tramitar los miles de t\u00edtulos mineros que el anterior otorg\u00f3 a diestra y siniestra con una criminal irresponsabilidad? M\u00e1s grave: \u00bfC\u00f3mo va a controlar la seguridad social y la militar en esas minas? Simple: d\u00e1ndoles las concesiones de explotaci\u00f3n a las grandes compa\u00f1\u00edas como la del Cerrej\u00f3n \u2014cuyo sindicato prepara una huelga por alza de salarios\u2014 y sacando a los peque\u00f1os mineros del juego, es decir, ilegaliz\u00e1ndolos. Ya se resbala el argumento de que la informalidad o la ilegalidad de la peque\u00f1a miner\u00eda son causas de los accidentes, cuando los muertos de Amag\u00e1 y de Sardinata, m\u00e1s de 100 en seis meses, son responsabilidad de las empresas mineras legales. Lo que hay es una estrategia oficial para que los peque\u00f1os mineros de oro y de carb\u00f3n les dejen el campo libre a las grandes compa\u00f1\u00edas.<\/p>\n<p>En materia de medio ambiente la cuesti\u00f3n no es menos catastr\u00f3fica. Conjeturo que los mismos se\u00f1oritos que aprobaban los regalos en Agro Ingreso Seguro son los que firmar\u00e1n las licencias ambientales para explotar las minas de oro, platino, carb\u00f3n, colt\u00e1n. \u00a1Para eso se necesita experiencia! Y la tienen. Se dar\u00e1 licencia para secar acu\u00edferos, como en La Jagua de Ibirico; botar a los r\u00edos miles de toneladas de cianuro y mercurio, como en Remedios, Segovia y Cajamarca; destruir los p\u00e1ramos, como el caso de Santurb\u00e1n y Sumapaz. En fin, hacer ochas y panochas con lo que les pertenece a nuestros hijos y nietos. Para manejar \u2014palabrita de moda\u2014 el sector ambiental es necesario no s\u00f3lo saber nadar entre tiburones, sino lo que es m\u00e1s peligroso: entre abogados, economistas, expertos ambientalistas, coroneles y dem\u00e1s empleados que representan los poderosos intereses de las poderosas compa\u00f1\u00edas multinacionales.<\/p>\n<p>Hay que abonar que el presidente Santos haya suspendido sus compromisos en Europa para venir al sepelio de los mineros de La Preciosa y que el ministro Rodado haya invitado una misi\u00f3n chilena a ver qu\u00e9 se puede hacer en este caos.<\/p>\n<h5 class=\"columnista_nombre\">Por: Alfredo Molano Bravo<\/h5>\n","protected":false},"excerpt":{"rendered":"<p>Mal Comienza la locomotora minera. Se descarrila. Los rieles son herrumbrosos, est\u00e1n rotos y no s\u00f3lo son discontinuos, sino que no son paralelos. Adem\u00e1s, la m\u00e1quina es obsoleta. La explosi\u00f3n en la [&hellip;]<\/p>\n","protected":false},"author":1,"featured_media":0,"comment_status":"open","ping_status":"open","sticky":false,"template":"","format":"standard","meta":[],"categories":[75],"tags":[],"_links":{"self":[{"href":"https:\/\/tejidohistorico.afrodescendientes.com\/index.php\/wp-json\/wp\/v2\/posts\/1309"}],"collection":[{"href":"https:\/\/tejidohistorico.afrodescendientes.com\/index.php\/wp-json\/wp\/v2\/posts"}],"about":[{"href":"https:\/\/tejidohistorico.afrodescendientes.com\/index.php\/wp-json\/wp\/v2\/types\/post"}],"author":[{"embeddable":true,"href":"https:\/\/tejidohistorico.afrodescendientes.com\/index.php\/wp-json\/wp\/v2\/users\/1"}],"replies":[{"embeddable":true,"href":"https:\/\/tejidohistorico.afrodescendientes.com\/index.php\/wp-json\/wp\/v2\/comments?post=1309"}],"version-history":[{"count":0,"href":"https:\/\/tejidohistorico.afrodescendientes.com\/index.php\/wp-json\/wp\/v2\/posts\/1309\/revisions"}],"wp:attachment":[{"href":"https:\/\/tejidohistorico.afrodescendientes.com\/index.php\/wp-json\/wp\/v2\/media?parent=1309"}],"wp:term":[{"taxonomy":"category","embeddable":true,"href":"https:\/\/tejidohistorico.afrodescendientes.com\/index.php\/wp-json\/wp\/v2\/categories?post=1309"},{"taxonomy":"post_tag","embeddable":true,"href":"https:\/\/tejidohistorico.afrodescendientes.com\/index.php\/wp-json\/wp\/v2\/tags?post=1309"}],"curies":[{"name":"wp","href":"https:\/\/api.w.org\/{rel}","templated":true}]}}