{"id":1373,"date":"2011-02-14T18:41:17","date_gmt":"2011-02-14T18:41:17","guid":{"rendered":"http:\/\/www2.nasaacin.org\/index.php\/2011\/02\/14\/lo-que-pasa-cuando-se-corrompen-los-referentes\/"},"modified":"2011-02-14T18:41:17","modified_gmt":"2011-02-14T18:41:17","slug":"lo-que-pasa-cuando-se-corrompen-los-referentes","status":"publish","type":"post","link":"https:\/\/tejidohistorico.afrodescendientes.com\/index.php\/2011\/02\/14\/lo-que-pasa-cuando-se-corrompen-los-referentes\/","title":{"rendered":"Lo que pasa cuando se corrompen los referentes"},"content":{"rendered":"<p>Guardar silencio sobre los cr\u00edmenes cometidos por grupos al margen de la ley, convierte en c\u00f3mplices a aquellos actores sociales de la sociedad civil que est\u00e1n obligados, \u00e9tica y pol\u00edticamente, a exigir el develamiento de la verdad sobre lo acontecido con la penetraci\u00f3n y el actuar criminal de las AUC en el Valle del Cauca.<\/p>\n","protected":false},"excerpt":{"rendered":"<p>Guardar silencio sobre los cr\u00edmenes cometidos por grupos al margen de la ley, convierte en c\u00f3mplices a aquellos actores sociales de la sociedad civil que est\u00e1n obligados, \u00e9tica y pol\u00edticamente, a exigir [&hellip;]<\/p>\n","protected":false},"author":1,"featured_media":0,"comment_status":"open","ping_status":"open","sticky":false,"template":"","format":"standard","meta":[],"categories":[61],"tags":[],"_links":{"self":[{"href":"https:\/\/tejidohistorico.afrodescendientes.com\/index.php\/wp-json\/wp\/v2\/posts\/1373"}],"collection":[{"href":"https:\/\/tejidohistorico.afrodescendientes.com\/index.php\/wp-json\/wp\/v2\/posts"}],"about":[{"href":"https:\/\/tejidohistorico.afrodescendientes.com\/index.php\/wp-json\/wp\/v2\/types\/post"}],"author":[{"embeddable":true,"href":"https:\/\/tejidohistorico.afrodescendientes.com\/index.php\/wp-json\/wp\/v2\/users\/1"}],"replies":[{"embeddable":true,"href":"https:\/\/tejidohistorico.afrodescendientes.com\/index.php\/wp-json\/wp\/v2\/comments?post=1373"}],"version-history":[{"count":0,"href":"https:\/\/tejidohistorico.afrodescendientes.com\/index.php\/wp-json\/wp\/v2\/posts\/1373\/revisions"}],"wp:attachment":[{"href":"https:\/\/tejidohistorico.afrodescendientes.com\/index.php\/wp-json\/wp\/v2\/media?parent=1373"}],"wp:term":[{"taxonomy":"category","embeddable":true,"href":"https:\/\/tejidohistorico.afrodescendientes.com\/index.php\/wp-json\/wp\/v2\/categories?post=1373"},{"taxonomy":"post_tag","embeddable":true,"href":"https:\/\/tejidohistorico.afrodescendientes.com\/index.php\/wp-json\/wp\/v2\/tags?post=1373"}],"curies":[{"name":"wp","href":"https:\/\/api.w.org\/{rel}","templated":true}]}}