{"id":138,"date":"2010-07-06T05:00:00","date_gmt":"2010-07-06T05:00:00","guid":{"rendered":"http:\/\/www2.nasaacin.org\/index.php\/2010\/07\/06\/asesinado-lider-juvenil-en-la-comuna-13-de-medellin\/"},"modified":"2010-07-06T05:00:00","modified_gmt":"2010-07-06T05:00:00","slug":"asesinado-lider-juvenil-en-la-comuna-13-de-medellin","status":"publish","type":"post","link":"https:\/\/tejidohistorico.afrodescendientes.com\/index.php\/2010\/07\/06\/asesinado-lider-juvenil-en-la-comuna-13-de-medellin\/","title":{"rendered":"Asesinado l\u00edder juvenil en la Comuna 13 de Medell\u00edn"},"content":{"rendered":"<div class=\"fuentefecha\">[ 07\/06\/2010] [ <span>Fuente: <a href=\"http:\/\/www.shock.com.co\/medellin\/articuloshock-asesinado-lider-juvenil-comuna-13-de-medellin\" target=\"_blank\" rel=\"noopener noreferrer\">Shock.com.co<\/a><\/span> ]  [ ]<\/div>\n<\/p>\n<div style=\"text-align: justify;\">Andr\u00e9s  ten\u00eda 25 a\u00f1os y pertenec\u00eda a la comunidad art\u00edstica Son Bat\u00e1, de la  Comuna 13 de Medell\u00edn. Hace apenas un par de meses, Shock comparti\u00f3 a  sus lectores la historia de resistencia civil que este grupo art\u00edstico  lidera en su comuna, donde los grupos armados delincuenciales -que en  esta ciudad se conocen como &#8216;combos&#8217; y est\u00e1n integrados principalmente  por j\u00f3venes- libran una ardua guerra territorial.  <!--more-->  <\/div>\n<p>\u00a0<\/p>\n<div>A Andr\u00e9s lo conocimos en el barrio Nuevos Conquistadores,  centro del conflicto armado en la Comuna 13, como uno de los l\u00edderes del  arduo proceso de &#8220;robarle j\u00f3venes a la guerra&#8221;, como los mismos  integrantes de Son Bat\u00e1 lo afirman, gracias a la m\u00fasica, el teatro y la  danza. Por eso nos unimos a la voz de rechazo por su asesinato y  expresamos nuestras m\u00e1s sinceras condolencias a su familia y compa\u00f1eros  de grupo. Compartimos con nuestros lectores este mensaje firmado en la  memoria de Andr\u00e9s por sus amigos, artistas de la ciudad e instituciones  independientes y gubernamentales.<\/div>\n<div>\n<p>\u201cC\u00f3mo luchar contra el mundo cuando todo se derrumba,<\/p>\n<\/p><\/div>\n<div style=\"text-align: justify;\">c\u00f3mo olvidarnos y ya y que la vida perdura,<\/div>\n<div style=\"text-align: justify;\">he visto a un hombre llorar frente a un espejo,<\/div>\n<div style=\"text-align: justify;\">yo le doy gracias a \u00a0mi madre que es lo que m\u00e1s quiero<\/div>\n<div style=\"text-align: justify;\">y \u00a0as\u00ed le canto a la vida pues porque soy poeta,<\/div>\n<div style=\"text-align: justify;\">tal vez le cante al fututo, de eso dependan mis letras\u201d<\/div>\n<div style=\"text-align: justify;\">Fragmento de L\u00e1grimas de Sangre, canci\u00f3n del grupo Son Bat\u00e1.<\/div>\n<div><\/div>\n<div>La Corporaci\u00f3n Son Bat\u00e1 en el barrio Nuevos Conquistadores es un  Pa13nque afrocolombiano donde se componen canciones, se ensayan las m\u00e1s  atrevidas coreograf\u00edas, y se reclama el derecho a so\u00f1ar y a tener una  ciudad mejor. Es un lugar colorido que emana arte por todas partes, en  el que se reconfiguran las memorias de las comunidades afro de la ciudad  y se entretejen con las construcciones culturales de las nuevas  generaciones. Son Bat\u00e1 representa un sue\u00f1o posible, donde cientos de  ni\u00f1os, j\u00f3venes hombres y mujeres afro colombianos \u00a0se resisten a ser  ignorados y a morir, donde adem\u00e1s con el poder de la creaci\u00f3n art\u00edstica  llenan de melod\u00eda y ritmo la ciudad. Son Bat\u00e1 es un referente de la  lucha por la Noviolencia, la aceptaci\u00f3n de la diferencia, y de la  organizaci\u00f3n juvenil de la ciudad.<\/div>\n<div>\n<p>Hoy, cuando justo preparaban un evento art\u00edstico que contar\u00eda con  la presencia de la Ministra de Cultura Paula Moreno, del vocalista de  la agrupaci\u00f3n Doctor Kr\u00e1pula, entre otros asistentes al tercer Congreso  Iberoamericano de Cultura; uno de esos eventos que tanto requiere  Medell\u00edn para resaltar la vida y resistir a la guerra acercando los  j\u00f3venes al arte, fue asesinado muy temprano en la ma\u00f1ana Andr\u00e9s Felipe  Medina Palacios, uno de los fundadores e integrantes m\u00e1s activos de la  Corporaci\u00f3n Son Bat\u00e1. Un talentoso joven afro, con apenas 25 a\u00f1os de  edad, padre de Santiago Medina de dos a\u00f1os, quien se desempe\u00f1aba en este  colectivo \u00a0como coordinador del \u00e1rea de teatro y coordinador de redes  institucionales.<\/p>\n<p>A trav\u00e9s de Son Bat\u00e1, Andr\u00e9s Felipe se encontraba trabajando en  la conformaci\u00f3n de la \u00a0Plataforma Nacional por la Noviolencia  (Corporaci\u00f3n Son Bat\u00e1, La Familia Ayara de Santaf\u00e9 de Bogot\u00e1, Rostros Y  Huellas de Buenaventura, entre otros). Adem\u00e1s, hac\u00eda parte del grupo de  \u00a0trabajo de la red \u00c9lite Hip Hop, en la organizaci\u00f3n y gesti\u00f3n del  Festival de Hip Hop Revoluci\u00f3n sin Muertos y del concierto del D\u00eda  Mundial de la Paz. As\u00ed mismo, particip\u00f3 como asistente de direcci\u00f3n,  director de puesta en escena y actor, en el documental \u201cCon la Casa al  hombro\u201d que se estrenar\u00e1 el d\u00eda 22 de julio a las 6:00 p.m. en la  Biblioteca P\u00fablica Piloto.<\/p>\n<\/p><\/div>\n<div>Recientemente y gracias al trabajo colectivo de todos los  integrantes de la Corporaci\u00f3n Son Bat\u00e1, quienes trabajan incesantemente  por la reivindicaci\u00f3n de la cultura afro y por la construcci\u00f3n de una  ciudad incluyente, multicultural y con plena convivencia, ganaron la  beca de creaci\u00f3n art\u00edstica y cultural de la Alcald\u00eda de Medell\u00edn,  clasificaron en la categor\u00eda de m\u00fasica Hip Hop al Festival Internacional  Altavoz, adem\u00e1s de ser invitados en calidad de ponentes al panel de  M\u00fasicas en Resistencia del tercer Congreso Iberoamericano de Cultura.<\/div>\n<div>\n<p>En los \u00faltimos meses Son Bat\u00e1 ha sido reconocida como una  experiencia significativa de organizaci\u00f3n juvenil y movilizaci\u00f3n  cultural, lo que se ha reflejado en las numerosas notas de prensa, entre  las que se encuentran las de la Revista Shock y el peri\u00f3dico el  Espectador con el art\u00edculo \u201cMedell\u00edn Resiste\u201d. Entre los \u00faltimos  conciertos de Son Bat\u00e1 se destaca el realizado en el Festival  Internacional Un Convention el 18 de mayo en el Museo de Antioquia y su  participaci\u00f3n en el concierto Zona de Riesgo en el marco del tercer  Congreso Iberoamericano de Cultura.<\/p>\n<p>El conflicto armado \u00a0que se agudiza en Medell\u00edn, le arrebata hoy a  la ciudad a un luchador por la vida y la convivencia. Hoy la  corporaci\u00f3n Son Bat\u00e1, el barrio Nuevos Conquistadores, la comuna 13, la  ciudad de Medell\u00edn y las nuevas generaciones de j\u00f3venes, pierden no solo  a un joven l\u00edder, un creador, un gestor cultural y artista, sino  tambi\u00e9n a un referente por la paz y la No violencia en la ciudad.<\/p>\n<\/p><\/div>\n<div><\/div>\n<div>\u201cC\u00f3mo hacer de nuestra vida una canci\u00f3n, si no conoces entre negros y blancos cu\u00e1l es la relaci\u00f3n\u2026<\/div>\n<div>\n<p>C\u00f3mo hacer de nuestro un mundo un para\u00edso, c\u00f3mo saber de d\u00f3nde venimos\u2026<\/p>\n<p>Teor\u00edas van, teor\u00edas vienen y no sabes d\u00f3nde vas cu\u00e1ndo morimos,  qui\u00e9n es el bueno, qui\u00e9n es el malo, mira, piensa, \u00a1hey qui\u00e9n es t\u00fa  hermano!&#8230; c\u00f3mo es la vida si no queremos lo que tenemos, c\u00f3mo es el  mundo si ahora somos nosotros los que perdemos, c\u00f3mo entender el planeta  entero, como comprender\u00e1s lo que te digo Hip Hop, papel, esfero es lo  \u00fanico que os quiero\u2026<\/p>\n<\/p><\/div>\n<div>Lo siento pero es mi realidad y ahora sigo sin resolver\u2026 Las  l\u00edneas, nuestro camino, todo lo escrito y lo dicho nuestro destino\u201d.  Poema escrito por \u00a0Andr\u00e9s Medina, Noviembre de 2009.<\/div>\n<div><\/div>\n<div>Las organizaciones comunitarias, juveniles y art\u00edsticas de la  ciudad de Medell\u00edn \u00a0cercanas a la Corporaci\u00f3n Son Bat\u00e1, Clubes Juveniles  de la Comuna 13, PP Joven, \u00a0Corporaci\u00f3n Siglo XXI, Corporaci\u00f3n  Realizadores de Sue\u00f1os, \u00a0La \u00c9lite Hip Hop, Corporaci\u00f3n Pasolini en  Medell\u00edn, \u00a0Festival de Rock y por la Vida Toke de Salida de la comuna 6,  Festival Hip Hop de la comuna 6, Rep\u00fablica UND, Centro de Desarrollo  Cultural de Moravia, Instituto de Estudios Regionales INER de la  Universidad de Antioquia, La Familia Ayara de Santaf\u00e9 de Bogot\u00e1,  Corporaci\u00f3n Democracia y Paz, Corporaci\u00f3n Titanio de Cali, Rostros y  Huellas de Buenaventura, \u00a0Asociaci\u00f3n Cristiana de J\u00f3venes ACJ YMCA,  Consejo Municipal de la Juventud, Fundaci\u00f3n ConConcreto, Museo de  Antioquia, Revista Shock, Alcald\u00eda de Medell\u00edn, grupos art\u00edsticos  participantes en el proyecto LASO del Ministerio de Cultura, tercer  Congreso Iberoamericano de Cultura, rechazan el asesinato de Andr\u00e9s  Felipe Medina Palacio y reclaman el respeto por la vida y por el derecho  a so\u00f1ar una ciudad y un pa\u00eds donde las voces de la cultura silencien  las armas \u00a0y rescaten la alegr\u00eda y la esperanza de todas las  generaciones.<\/div>\n<div>\n<p><a href=\"http:\/\/www.shock.com.co\/videos\/video-documental-medellin-resiste-parte-1\" target=\"_blank\" rel=\"noopener noreferrer\">Documental &#8216;Medell\u00edn Resiste&#8217; parte 1<\/a><\/p>\n<p><a href=\"http:\/\/www.shock.com.co\/videos\/video-documental-medellin-resiste-parte-2\" target=\"_blank\" rel=\"noopener noreferrer\">Documental &#8216;Medell\u00edn Resiste&#8217; parte 2<\/a><\/p>\n<p><a href=\"http:\/\/www.shock.com.co\/musica\/articuloshock-medellin-resiste\" target=\"_blank\" rel=\"noopener noreferrer\">Medell\u00edn resiste <\/a><\/p>\n<\/p><\/div>\n<div>&#8212;<\/div>\n<div>Delia Caicedo<\/div>\n<div>Fundaci\u00f3n Guagua<\/div>\n<div>Galer\u00eda de la Memoria Tiberio Fernandez<\/div>\n","protected":false},"excerpt":{"rendered":"<p>[ 07\/06\/2010] [ Fuente: Shock.com.co ] [ ] Andr\u00e9s ten\u00eda 25 a\u00f1os y pertenec\u00eda a la comunidad art\u00edstica Son Bat\u00e1, de la Comuna 13 de Medell\u00edn. Hace apenas un par de meses, [&hellip;]<\/p>\n","protected":false},"author":1,"featured_media":0,"comment_status":"open","ping_status":"open","sticky":false,"template":"","format":"standard","meta":[],"categories":[75],"tags":[],"_links":{"self":[{"href":"https:\/\/tejidohistorico.afrodescendientes.com\/index.php\/wp-json\/wp\/v2\/posts\/138"}],"collection":[{"href":"https:\/\/tejidohistorico.afrodescendientes.com\/index.php\/wp-json\/wp\/v2\/posts"}],"about":[{"href":"https:\/\/tejidohistorico.afrodescendientes.com\/index.php\/wp-json\/wp\/v2\/types\/post"}],"author":[{"embeddable":true,"href":"https:\/\/tejidohistorico.afrodescendientes.com\/index.php\/wp-json\/wp\/v2\/users\/1"}],"replies":[{"embeddable":true,"href":"https:\/\/tejidohistorico.afrodescendientes.com\/index.php\/wp-json\/wp\/v2\/comments?post=138"}],"version-history":[{"count":0,"href":"https:\/\/tejidohistorico.afrodescendientes.com\/index.php\/wp-json\/wp\/v2\/posts\/138\/revisions"}],"wp:attachment":[{"href":"https:\/\/tejidohistorico.afrodescendientes.com\/index.php\/wp-json\/wp\/v2\/media?parent=138"}],"wp:term":[{"taxonomy":"category","embeddable":true,"href":"https:\/\/tejidohistorico.afrodescendientes.com\/index.php\/wp-json\/wp\/v2\/categories?post=138"},{"taxonomy":"post_tag","embeddable":true,"href":"https:\/\/tejidohistorico.afrodescendientes.com\/index.php\/wp-json\/wp\/v2\/tags?post=138"}],"curies":[{"name":"wp","href":"https:\/\/api.w.org\/{rel}","templated":true}]}}