{"id":1382,"date":"2011-02-16T14:21:47","date_gmt":"2011-02-16T14:21:47","guid":{"rendered":"http:\/\/www2.nasaacin.org\/index.php\/2011\/02\/16\/todo-lo-solido-se-desvanece-en-la-calle\/"},"modified":"2011-02-16T14:21:47","modified_gmt":"2011-02-16T14:21:47","slug":"todo-lo-solido-se-desvanece-en-la-calle","status":"publish","type":"post","link":"https:\/\/tejidohistorico.afrodescendientes.com\/index.php\/2011\/02\/16\/todo-lo-solido-se-desvanece-en-la-calle\/","title":{"rendered":"Todo lo s\u00f3lido se desvanece en la calle"},"content":{"rendered":"<p \/>Las revueltas del hambre que sacuden al mundo \u00e1rabe pueden ser apenas las primeras oleadas del gran tsunami social que se est\u00e1 engendrando en las profundidades de los pueblos m\u00e1s pobres del planeta.   <!--more-->  <\/p>\n<p>El fenomenal aumento de los alimentos (58% el ma\u00edz, 62 % el trigo en un a\u00f1o) se est\u00e1 convirtiendo en la espoleta que dinamiza los estallidos pero el combustible lo aporta la brutal especulaci\u00f3n financiera que se est\u00e1 focalizando, nuevamente, en las materias primas. Algunos precios ya superaron los picos de 2008, aunque el Banco Mundial y el FMI se muestran incapaces de frenar la especulaci\u00f3n con los alimentos, con la vida.<\/p>\n<p>Dos hechos llaman la atenci\u00f3n en la revuelta \u00e1rabe: la velocidad con que las revueltas de hambre se convirtieron en revueltas pol\u00edticas y el temor de las elites dominantes que no atinaron, durante d\u00e9cadas, a otra cosa que no fuera resolver problemas pol\u00edticos y sociales con seguridad interna y represi\u00f3n. La primera habla de una nueva politizaci\u00f3n de los pobres del Medio Oriente. La segunda, de las dificultades de los de arriba para convivir con esa politizaci\u00f3n. El sistema est\u00e1 mostrando sobradamente que puede convivir con cualquier autoridad estatal, a\u00fan la m\u00e1s \u201cradical\u201d o \u201cantisistema\u201d, pero no puede tolerar la gente en la calle, la revuelta, la rebeli\u00f3n permanente. Digamos que la gente en la calle es el palo en la rueda de la acumulaci\u00f3n de capital, por eso una de las primeras \u201cmedidas\u201d que tomaron los militares luego que Mubarak se retirara a descansar, fue exigir a la poblaci\u00f3n que abandonara la calle y retornara al trabajo.<\/p>\n<p>Si los de arriba no pueden convivir con la calle y las plazas ocupadas, los de abajo -que hemos aprendido a derribar faraones- no aprendimos a\u00fan c\u00f3mo trabar los flujos, los movimientos del capital. Algo mucho m\u00e1s complejo que bloquear tanques o dispersar polic\u00edas antimotines, porque a diferencia de los aparatos estatales el capital fluye desterritorializado, siendo imposible darle caza. M\u00e1s a\u00fan: nos atraviesa, modela nuestros cuerpos y comportamientos, se mete en nuestra vida cotidiana y, como se\u00f1al\u00f3 Foucault, comparte nuestras camas y sue\u00f1os. Aunque existe un afuera del Estado y sus instituciones, es dif\u00edcil imaginar un afuera del capital. Para combatirlo no son suficientes ni las barricadas ni las revueltas.<\/p>\n<p>Pese a estas limitaciones, las revueltas del hambre devenidas en revueltas antidictatoriales son cargas de profundidad en los equilibrios m\u00e1s importantes del sistema-mundo, que no podr\u00e1 atravesar indemne la desestabilizaci\u00f3n que se vive en Medio Oriente. La prensa de izquierda israel\u00ed acert\u00f3 en se\u00f1alar que lo que menos necesita la regi\u00f3n es alg\u00fan tipo de estabilidad. En palabras de Gideon Levy, estabilidad es que millones de \u00e1rabes, entre ellos dos millones y medio de palestinos, vivan sin derechos o bajo reg\u00edmenes criminales y terror\u00edficas tiran\u00edas (Haaretz, 10 de febrero de 2011).<\/p>\n<p>Cuando millones ganan las calles, todo es posible. Como suele suceder en los terremotos, primero caen las estructuras m\u00e1s pesadas y peor construidas, o sea los reg\u00edmenes m\u00e1s vetustos y menos leg\u00edtimos. Sin embargo, una vez pasado el temblor inicial, comienzan a hacerse visibles las grietas, los muros cuarteados y las vigas que, sobreexigidas, ya no pueden soportar las estructuras. A los grandes sacudones suceden cambios graduales pero de mayor profundidad. Algo de eso vivimos en Sudam\u00e9rica entre el Caracazo venezolano de 1989 y la segunda Guerra del Gas de 2005 en Bolivia. Con los a\u00f1os, las fuerzas que apuntalaron el modelo neoliberal fueron forzadas a abandonar los gobiernos para instalarse una nueva relaci\u00f3n de fuerzas en la regi\u00f3n.<\/p>\n<p>Estamos ingresando en un per\u00edodo de incertidumbre y creciente desorden. En Sudam\u00e9rica existe una potencia emergente como Brasil que ha sido capaz de ir armando una arquitectura alternativa a la que comenz\u00f3 a colapsar. La UNASUR es buen ejemplo de ello. En Medio Oriente todo indica que las cosas ser\u00e1n mucho m\u00e1s complejas, por la enorme polarizaci\u00f3n pol\u00edtica y social, por la fuerte y feroz competencia interestatal y porque tanto Estados Unidos como Israel creen jugarse su futuro en sostener realidades que ya no es posible seguir apuntalando.<\/p>\n<p>Medio Oriente conjuga algunas de las m\u00e1s brutales contradicciones del mundo actual. Primero, el empe\u00f1o en sostener un unilateralismo trasnochado. Segundo, es la regi\u00f3n donde m\u00e1s visible resulta la principal tendencia del mundo actual: la brutal concentraci\u00f3n de poder y de riqueza. Nunca antes en la historia de la humanidad un solo pa\u00eds (Estados Unidos) gast\u00f3 tanto en armas como el resto del mundo junto. Y es en Medio Oriente donde ese poder armado viene ejerciendo toda su potencia para apuntalar el sistema-mundo. M\u00e1s: un peque\u00f1\u00edsimo Estado de apenas siete millones de habitantes tiene el doble de armas nucleares que China, la segunda potencia mundial.<\/p>\n<p>Es posible que la revuelta \u00e1rabe abra una grieta en la descomunal concentraci\u00f3n de poder que exhibe esa regi\u00f3n desde el fin de la segunda guerra mundial. S\u00f3lo el tiempo dir\u00e1 si se est\u00e1 cocinando un tsunami tan potente que ni el Pent\u00e1gono ser\u00e1 capaz de surfear sobre sus olas. No debemos olvidar, empero, que los tsunamis no hacen distinciones: arrastran derechas e izquierdas, justos y pecadores, rebeldes y conservadores. Es, no obstante, lo m\u00e1s parecido a una revoluci\u00f3n: no deja nada en su lugar y provoca enormes sufrimientos antes de que las cosas vuelvan a alg\u00fan tipo de normalidad que puede ser mejor o menos mala.<\/p>\n<p><strong>&#8211; Ra\u00fal Zibechi<\/strong>, periodista uruguayo, es docente e investigador en la Multiversidad Franciscana de Am\u00e9rica Latina, y asesor de varios colectivos sociales.<\/p>\n<p>ALAI AMLATINA, 15\/02\/2011.-<\/p>\n","protected":false},"excerpt":{"rendered":"<p>Las revueltas del hambre que sacuden al mundo \u00e1rabe pueden ser apenas las primeras oleadas del gran tsunami social que se est\u00e1 engendrando en las profundidades de los pueblos m\u00e1s pobres del [&hellip;]<\/p>\n","protected":false},"author":2,"featured_media":0,"comment_status":"open","ping_status":"open","sticky":false,"template":"","format":"standard","meta":[],"categories":[75],"tags":[],"_links":{"self":[{"href":"https:\/\/tejidohistorico.afrodescendientes.com\/index.php\/wp-json\/wp\/v2\/posts\/1382"}],"collection":[{"href":"https:\/\/tejidohistorico.afrodescendientes.com\/index.php\/wp-json\/wp\/v2\/posts"}],"about":[{"href":"https:\/\/tejidohistorico.afrodescendientes.com\/index.php\/wp-json\/wp\/v2\/types\/post"}],"author":[{"embeddable":true,"href":"https:\/\/tejidohistorico.afrodescendientes.com\/index.php\/wp-json\/wp\/v2\/users\/2"}],"replies":[{"embeddable":true,"href":"https:\/\/tejidohistorico.afrodescendientes.com\/index.php\/wp-json\/wp\/v2\/comments?post=1382"}],"version-history":[{"count":0,"href":"https:\/\/tejidohistorico.afrodescendientes.com\/index.php\/wp-json\/wp\/v2\/posts\/1382\/revisions"}],"wp:attachment":[{"href":"https:\/\/tejidohistorico.afrodescendientes.com\/index.php\/wp-json\/wp\/v2\/media?parent=1382"}],"wp:term":[{"taxonomy":"category","embeddable":true,"href":"https:\/\/tejidohistorico.afrodescendientes.com\/index.php\/wp-json\/wp\/v2\/categories?post=1382"},{"taxonomy":"post_tag","embeddable":true,"href":"https:\/\/tejidohistorico.afrodescendientes.com\/index.php\/wp-json\/wp\/v2\/tags?post=1382"}],"curies":[{"name":"wp","href":"https:\/\/api.w.org\/{rel}","templated":true}]}}