{"id":1483,"date":"2011-03-04T19:47:24","date_gmt":"2011-03-04T19:47:24","guid":{"rendered":"http:\/\/www2.nasaacin.org\/index.php\/2011\/03\/04\/la-farmaco-dependencia\/"},"modified":"2011-03-04T19:47:24","modified_gmt":"2011-03-04T19:47:24","slug":"la-farmaco-dependencia","status":"publish","type":"post","link":"https:\/\/tejidohistorico.afrodescendientes.com\/index.php\/2011\/03\/04\/la-farmaco-dependencia\/","title":{"rendered":"La f\u00e1rmaco dependencia"},"content":{"rendered":"<p>Es un proceso de rehabilitaci\u00f3n, que brinda herramientas, personales y sociales para que aproche m\u00e1s la vida las personas.<\/p>\n<p>{mp3remote}http:\/\/www.nasaacin.org\/images\/audios\/coodinadora.farmaco.mp3{\/mp3remote}<\/p>\n","protected":false},"excerpt":{"rendered":"<p>Es un proceso de rehabilitaci\u00f3n, que brinda herramientas, personales y sociales para que aproche m\u00e1s la vida las personas. {mp3remote}http:\/\/www.nasaacin.org\/images\/audios\/coodinadora.farmaco.mp3{\/mp3remote}<\/p>\n","protected":false},"author":1,"featured_media":0,"comment_status":"open","ping_status":"open","sticky":false,"template":"","format":"standard","meta":[],"categories":[47],"tags":[],"_links":{"self":[{"href":"https:\/\/tejidohistorico.afrodescendientes.com\/index.php\/wp-json\/wp\/v2\/posts\/1483"}],"collection":[{"href":"https:\/\/tejidohistorico.afrodescendientes.com\/index.php\/wp-json\/wp\/v2\/posts"}],"about":[{"href":"https:\/\/tejidohistorico.afrodescendientes.com\/index.php\/wp-json\/wp\/v2\/types\/post"}],"author":[{"embeddable":true,"href":"https:\/\/tejidohistorico.afrodescendientes.com\/index.php\/wp-json\/wp\/v2\/users\/1"}],"replies":[{"embeddable":true,"href":"https:\/\/tejidohistorico.afrodescendientes.com\/index.php\/wp-json\/wp\/v2\/comments?post=1483"}],"version-history":[{"count":0,"href":"https:\/\/tejidohistorico.afrodescendientes.com\/index.php\/wp-json\/wp\/v2\/posts\/1483\/revisions"}],"wp:attachment":[{"href":"https:\/\/tejidohistorico.afrodescendientes.com\/index.php\/wp-json\/wp\/v2\/media?parent=1483"}],"wp:term":[{"taxonomy":"category","embeddable":true,"href":"https:\/\/tejidohistorico.afrodescendientes.com\/index.php\/wp-json\/wp\/v2\/categories?post=1483"},{"taxonomy":"post_tag","embeddable":true,"href":"https:\/\/tejidohistorico.afrodescendientes.com\/index.php\/wp-json\/wp\/v2\/tags?post=1483"}],"curies":[{"name":"wp","href":"https:\/\/api.w.org\/{rel}","templated":true}]}}