{"id":1484,"date":"2011-03-05T00:25:15","date_gmt":"2011-03-05T00:25:15","guid":{"rendered":"http:\/\/www2.nasaacin.org\/index.php\/2011\/03\/05\/cauca-sindesena-condena-amenazas-contra-ciudadanos\/"},"modified":"2011-03-05T00:25:15","modified_gmt":"2011-03-05T00:25:15","slug":"cauca-sindesena-condena-amenazas-contra-ciudadanos","status":"publish","type":"post","link":"https:\/\/tejidohistorico.afrodescendientes.com\/index.php\/2011\/03\/05\/cauca-sindesena-condena-amenazas-contra-ciudadanos\/","title":{"rendered":"Cauca: SINDESENA condena amenazas contra ciudadanos"},"content":{"rendered":"<p><p>El sindicato de empleados p\u00fablicos del SENA \u2013 SINDESENA, rechaza y condena p\u00fablicamente las m\u00faltiples amenazas que la presunta organizaci\u00f3n \u201cLos Rastrojos\u201d viene realizando contra decenas de estudiantes, dirigentes sindicales y pol\u00edticos de oposici\u00f3n en Popay\u00e1n.<\/p>\n<div><\/div><\/p>\n","protected":false},"excerpt":{"rendered":"<p>El sindicato de empleados p\u00fablicos del SENA \u2013 SINDESENA, rechaza y condena p\u00fablicamente las m\u00faltiples amenazas que la presunta organizaci\u00f3n \u201cLos Rastrojos\u201d viene realizando contra decenas de estudiantes, dirigentes sindicales y pol\u00edticos [&hellip;]<\/p>\n","protected":false},"author":2,"featured_media":0,"comment_status":"open","ping_status":"open","sticky":false,"template":"","format":"standard","meta":[],"categories":[61],"tags":[],"_links":{"self":[{"href":"https:\/\/tejidohistorico.afrodescendientes.com\/index.php\/wp-json\/wp\/v2\/posts\/1484"}],"collection":[{"href":"https:\/\/tejidohistorico.afrodescendientes.com\/index.php\/wp-json\/wp\/v2\/posts"}],"about":[{"href":"https:\/\/tejidohistorico.afrodescendientes.com\/index.php\/wp-json\/wp\/v2\/types\/post"}],"author":[{"embeddable":true,"href":"https:\/\/tejidohistorico.afrodescendientes.com\/index.php\/wp-json\/wp\/v2\/users\/2"}],"replies":[{"embeddable":true,"href":"https:\/\/tejidohistorico.afrodescendientes.com\/index.php\/wp-json\/wp\/v2\/comments?post=1484"}],"version-history":[{"count":0,"href":"https:\/\/tejidohistorico.afrodescendientes.com\/index.php\/wp-json\/wp\/v2\/posts\/1484\/revisions"}],"wp:attachment":[{"href":"https:\/\/tejidohistorico.afrodescendientes.com\/index.php\/wp-json\/wp\/v2\/media?parent=1484"}],"wp:term":[{"taxonomy":"category","embeddable":true,"href":"https:\/\/tejidohistorico.afrodescendientes.com\/index.php\/wp-json\/wp\/v2\/categories?post=1484"},{"taxonomy":"post_tag","embeddable":true,"href":"https:\/\/tejidohistorico.afrodescendientes.com\/index.php\/wp-json\/wp\/v2\/tags?post=1484"}],"curies":[{"name":"wp","href":"https:\/\/api.w.org\/{rel}","templated":true}]}}