{"id":1493,"date":"2011-03-07T15:26:21","date_gmt":"2011-03-07T15:26:21","guid":{"rendered":"http:\/\/www2.nasaacin.org\/index.php\/2011\/03\/07\/solidaridad-con-el-periodista-paco-gemez\/"},"modified":"2011-03-07T15:26:21","modified_gmt":"2011-03-07T15:26:21","slug":"solidaridad-con-el-periodista-paco-gemez","status":"publish","type":"post","link":"https:\/\/tejidohistorico.afrodescendientes.com\/index.php\/2011\/03\/07\/solidaridad-con-el-periodista-paco-gemez\/","title":{"rendered":"Solidaridad con el periodista Paco G\u00e9mez"},"content":{"rendered":"<p><p>El Foro Inter\u00e9tnico Solidaridad Choc\u00f3\u00a0y la Di\u00f3cesis de Quibd\u00f3, condenamos hoy la actitud del gobierno\u00a0Paname\u00f1o frente a la labor del Periodista Paco G\u00f3mez Nadal y el equip\u00f3 de\u00a0Human Rigths Everywhere, HREV, en defensa de los derechos de los hermanos del\u00a0vecino pa\u00eds a quienes se intenta imponer la miner\u00eda a gran escala.<\/p><\/p>\n","protected":false},"excerpt":{"rendered":"<p>El Foro Inter\u00e9tnico Solidaridad Choc\u00f3\u00a0y la Di\u00f3cesis de Quibd\u00f3, condenamos hoy la actitud del gobierno\u00a0Paname\u00f1o frente a la labor del Periodista Paco G\u00f3mez Nadal y el equip\u00f3 de\u00a0Human Rigths Everywhere, HREV, en [&hellip;]<\/p>\n","protected":false},"author":2,"featured_media":0,"comment_status":"open","ping_status":"open","sticky":false,"template":"","format":"standard","meta":[],"categories":[61],"tags":[],"_links":{"self":[{"href":"https:\/\/tejidohistorico.afrodescendientes.com\/index.php\/wp-json\/wp\/v2\/posts\/1493"}],"collection":[{"href":"https:\/\/tejidohistorico.afrodescendientes.com\/index.php\/wp-json\/wp\/v2\/posts"}],"about":[{"href":"https:\/\/tejidohistorico.afrodescendientes.com\/index.php\/wp-json\/wp\/v2\/types\/post"}],"author":[{"embeddable":true,"href":"https:\/\/tejidohistorico.afrodescendientes.com\/index.php\/wp-json\/wp\/v2\/users\/2"}],"replies":[{"embeddable":true,"href":"https:\/\/tejidohistorico.afrodescendientes.com\/index.php\/wp-json\/wp\/v2\/comments?post=1493"}],"version-history":[{"count":0,"href":"https:\/\/tejidohistorico.afrodescendientes.com\/index.php\/wp-json\/wp\/v2\/posts\/1493\/revisions"}],"wp:attachment":[{"href":"https:\/\/tejidohistorico.afrodescendientes.com\/index.php\/wp-json\/wp\/v2\/media?parent=1493"}],"wp:term":[{"taxonomy":"category","embeddable":true,"href":"https:\/\/tejidohistorico.afrodescendientes.com\/index.php\/wp-json\/wp\/v2\/categories?post=1493"},{"taxonomy":"post_tag","embeddable":true,"href":"https:\/\/tejidohistorico.afrodescendientes.com\/index.php\/wp-json\/wp\/v2\/tags?post=1493"}],"curies":[{"name":"wp","href":"https:\/\/api.w.org\/{rel}","templated":true}]}}