{"id":1494,"date":"2011-03-07T21:41:09","date_gmt":"2011-03-07T21:41:09","guid":{"rendered":"http:\/\/www2.nasaacin.org\/index.php\/2011\/03\/07\/exigimos-respeto-por-la-vida-de-nuestros-guardias-indigenas\/"},"modified":"2011-03-07T21:41:09","modified_gmt":"2011-03-07T21:41:09","slug":"exigimos-respeto-por-la-vida-de-nuestros-guardias-indigenas","status":"publish","type":"post","link":"https:\/\/tejidohistorico.afrodescendientes.com\/index.php\/2011\/03\/07\/exigimos-respeto-por-la-vida-de-nuestros-guardias-indigenas\/","title":{"rendered":"Exigimos respeto por la vida de nuestros guardias ind\u00edgenas"},"content":{"rendered":"<p>El d\u00eda 07 de Marzo de 2011, el comunero ind\u00edgena del Resguardo de la Concepci\u00f3n, jurisdicci\u00f3n del municipio de Santander de Quilichao; EFRAIN VELASCO VALENCIA, fue vilmente asesinado, su cad\u00e1ver apareci\u00f3 en La Vereda Pedregal, crucero Cascajal v\u00eda San Isidro, cometido con armas blancas en horas de la ma\u00f1ana del mismo d\u00eda.<\/p>\n<p>  <!--more-->  <\/p>\n<h1>COMUNICADO A LA OPINI\u00d3N P\u00daBLICA<\/h1>\n<h2>NUEVAMENTE LOS \u00a0PUEBLOS IND\u00cdGENAS SON AGREDIDAS POR LOS HECHOS VIOLENTOS DE LOS ACTORES ARMADOS EN CONFLICTO<\/h2>\n<p>La Consejer\u00eda y autoridades tradicionales de ACIN CXHAB WALA KIWE; rechazamos y denunciamos las amenazas, los homicidios colectivos y selectivos que de manera permanente est\u00e1n recibiendo autoridades, l\u00edderes, comunicadores, Guardias y comunidad en general en sus propios territorios.<\/p>\n<p>Seguimos recogiendo nuestros KIWE THEGZA &#8211; Guardias Ind\u00edgenas muertos en el marco de una guerra que no es nuestra.<\/p>\n<p>El d\u00eda 07 de Marzo de 2011, el comunero ind\u00edgena del Resguardo de la Concepci\u00f3n, jurisdicci\u00f3n del municipio de Santander de Quilichao; <strong>EFRAIN VELASCO VALENCIA<\/strong>, fue vilmente asesinado, su cad\u00e1ver apareci\u00f3 en La Vereda Pedregal, crucero Cascajal v\u00eda San Isidro, cometido con armas blancas en horas de la ma\u00f1ana del mismo d\u00eda.<\/p>\n<p>El comunero <strong>EFRAIN VELASCO VALENCIA<\/strong> se desempe\u00f1o como Guardia Ind\u00edgena junto con su esposa y sus hijos. Servicio que prestaba desde mucho tiempo de manera voluntaria a la Autoridad y comunidad.<\/p>\n<p>El comunero <strong>EFRAIN VELASCO VALENCIA<\/strong>, de 53 a\u00f1os de edad, particip\u00f3 activamente en los procesos convocados por el cabildo y en especial en la acci\u00f3n humanitaria (jornada de b\u00fasqueda) del comunero Alonso Gualiche, secuestrado por grupos delincuenciales no identificados, el d\u00eda 16 de Diciembre del a\u00f1o 2010, en la vereda la Esmeralda, jurisdicci\u00f3n del municipio de Buenos Aires &#8211; Cauca.<\/p>\n<p>De esta manera manifestamos el RECHAZO TOTAL A LOS ACTOS DE VIOLENCIA CONTRA LA VIDA DE NUESTRA GENTE Y EN NUESTROS TERRITORIOS.<\/p>\n<p>Exigimos respeto por la vida de nuestros comuneros y comuneras, el territorio, y la tranquilidad de los dem\u00e1s pueblos ind\u00edgenas y comunidades en general; al igual que le pedimos a las autoridades correspondientes tanto del orden local, regional, nacional e internacional que hagan una intervenci\u00f3n protectora, efectiva, de mayor vigilancia para que se garantice que estos lamentables hechos no se vuelvan a presentar.<\/p>\n<p>Al Gobierno Departamental, Nacional y a la Agencia Presidencial para la Acci\u00f3n Social le solicitamos nos brinde un apoyo amplio e inmediato para la restituci\u00f3n del derecho de sus familiares como lo ordena la sentencia de la honorable corte constitucional en el auto 004 del 26 de febrero del a\u00f1o 2.009.<\/p>\n<p>Exhortamos al gobierno nacional para que atienda de manera urgente la implementaci\u00f3n de pol\u00edticas p\u00fablicas diferenciales para que por un lado proteja a los pueblos ind\u00edgenas y por el otro lado concrete condiciones de vida digna,<\/p>\n<p>de igual forma instamos a la defensor\u00eda del pueblo, a la diversas entidades nacionales e internacionales de derechos humanos para que denuncien y exijan a los actores del conflicto armado respeto por la vida.<\/p>\n<p><strong>AUTORIDADES TRADICIONALES DE LA ZONA NORTE DEL CAUCA CXHAB WALA KIWE. ACIN<\/strong><\/p>\n<p>Santander de Quilichao Cauca 7 de marzo del a\u00f1o 2.011<\/p>\n<p>\u00a0<\/p>\n","protected":false},"excerpt":{"rendered":"<p>El d\u00eda 07 de Marzo de 2011, el comunero ind\u00edgena del Resguardo de la Concepci\u00f3n, jurisdicci\u00f3n del municipio de Santander de Quilichao; EFRAIN VELASCO VALENCIA, fue vilmente asesinado, su cad\u00e1ver apareci\u00f3 en [&hellip;]<\/p>\n","protected":false},"author":2,"featured_media":0,"comment_status":"open","ping_status":"open","sticky":false,"template":"","format":"standard","meta":[],"categories":[75],"tags":[],"_links":{"self":[{"href":"https:\/\/tejidohistorico.afrodescendientes.com\/index.php\/wp-json\/wp\/v2\/posts\/1494"}],"collection":[{"href":"https:\/\/tejidohistorico.afrodescendientes.com\/index.php\/wp-json\/wp\/v2\/posts"}],"about":[{"href":"https:\/\/tejidohistorico.afrodescendientes.com\/index.php\/wp-json\/wp\/v2\/types\/post"}],"author":[{"embeddable":true,"href":"https:\/\/tejidohistorico.afrodescendientes.com\/index.php\/wp-json\/wp\/v2\/users\/2"}],"replies":[{"embeddable":true,"href":"https:\/\/tejidohistorico.afrodescendientes.com\/index.php\/wp-json\/wp\/v2\/comments?post=1494"}],"version-history":[{"count":0,"href":"https:\/\/tejidohistorico.afrodescendientes.com\/index.php\/wp-json\/wp\/v2\/posts\/1494\/revisions"}],"wp:attachment":[{"href":"https:\/\/tejidohistorico.afrodescendientes.com\/index.php\/wp-json\/wp\/v2\/media?parent=1494"}],"wp:term":[{"taxonomy":"category","embeddable":true,"href":"https:\/\/tejidohistorico.afrodescendientes.com\/index.php\/wp-json\/wp\/v2\/categories?post=1494"},{"taxonomy":"post_tag","embeddable":true,"href":"https:\/\/tejidohistorico.afrodescendientes.com\/index.php\/wp-json\/wp\/v2\/tags?post=1494"}],"curies":[{"name":"wp","href":"https:\/\/api.w.org\/{rel}","templated":true}]}}