{"id":1532,"date":"2011-03-15T16:46:01","date_gmt":"2011-03-15T16:46:01","guid":{"rendered":"http:\/\/www2.nasaacin.org\/index.php\/2011\/03\/15\/la-resistencia-social-contra-las-locomotoras-de-santos\/"},"modified":"2011-03-15T16:46:01","modified_gmt":"2011-03-15T16:46:01","slug":"la-resistencia-social-contra-las-locomotoras-de-santos","status":"publish","type":"post","link":"https:\/\/tejidohistorico.afrodescendientes.com\/index.php\/2011\/03\/15\/la-resistencia-social-contra-las-locomotoras-de-santos\/","title":{"rendered":"La resistencia social contra las \u201clocomotoras\u201d de Santos."},"content":{"rendered":"<p>Mientras el Congreso de la Rep\u00fablica discute el Plan Nacional de Desarrollo, que es, de verdad, un plan de negocios del capital privado, en especial del financiero y del for\u00e1neo, diversos sectores se ponen en pie para resistir los embates iniciales por implementarlo.<\/p>\n<p>  <!--more-->  <\/p>\n<p>Ese Plan, donde el 40% del presupuesto son las inversiones de  conglomerados econ\u00f3micos nacionales e internacionales, se funda en  \u201calianzas p\u00fablico-privadas\u201d, primordialmente para las denominadas  \u201clocomotoras\u201d, entre las que sobresalen la infraestructura, la miner\u00eda y  el agronegocio, y sin que tampoco sean ajenas para ning\u00fan otro campo,  incluyendo seguridad social, salud y hasta educaci\u00f3n superior.<\/p>\n<p>El ministro de Transporte, alegando la eliminaci\u00f3n de la tabla de fletes para el transporte de carga, dijo que suprimir la regulaci\u00f3n en esta \u00e1rea, dejarla en manos del mercado, era parte de la \u201cmodernizaci\u00f3n\u201d de la infraestructura. Para ello, coincidiendo con el Banco Mundial, el inter\u00e9s es acabar dicho sistema normativo para abrir la puerta a grandes inversores, incluso extranjeros, que desalojen a peque\u00f1os empresarios o camioneros. El intento de reemplazar a un n\u00famero de los 140 mil que existen, y que transportan en promedio menos de 3 toneladas al d\u00eda, por operadores poderosos, y favorecer a multinacionales e importadores se trunc\u00f3, por ahora, con la f\u00e9rrea y firme protesta de 15 d\u00edas.<\/p>\n<p>Igual ha ocurrido con el proyecto de explotaci\u00f3n aur\u00edfera de Greystar en Santurb\u00e1n, en Santander. La marcha de m\u00e1s de 40 mil personas y la audiencia p\u00fablica, donde se manifestaron desde el gobernador Serpa hasta las organizaciones campesinas y sociales, contra el desprop\u00f3sito de afectar el agua de la que se surten 2,2 millones de habitantes del oriente colombiano, reiteran que no se aceptar\u00e1 el saqueo a rajatabla de los recursos naturales del pa\u00eds ni por parte de las empresas internacionales ni de los especuladores financieros que las patrocinan.<\/p>\n<p>La marcha lechera nacional en Bogot\u00e1 el 9 de marzo, el plant\u00f3n de miles de ind\u00edgenas y asociaciones de productores de Nari\u00f1o en la frontera con Ecuador y la concentraci\u00f3n en Manat\u00ed de ganaderos del sur del Atl\u00e1ntico y del norte de Bol\u00edvar -damnificados por el invierno- ratificaron que no ser\u00e1 f\u00e1cil para los consorcios del agronegocio suprimir la leche nacional, incluida la de la cantina, ni por las importaciones ni por el contrabando, ni por los TLC ni por los productos industriales elaborados con leche falsa promovidos para enga\u00f1ar consumidores. La victoria de los lecheros, quienes reivindicaron la justeza de sus demandas, fue contundente.<\/p>\n<p>Las \u201clocomotoras\u201d, criticadas por algunos como \u201cfaltas de tracci\u00f3n\u201d, enfrentan un mayor desaf\u00edo: el de la resistencia social, creciente y erguida, para evitar que aplasten lo que resta de trabajo, producci\u00f3n y bienestar nacional.<\/p>\n<p>\u00a0<\/p>\n<p>\u00a0<\/p>\n<p>Moir<\/p>\n","protected":false},"excerpt":{"rendered":"<p>Mientras el Congreso de la Rep\u00fablica discute el Plan Nacional de Desarrollo, que es, de verdad, un plan de negocios del capital privado, en especial del financiero y del for\u00e1neo, diversos sectores [&hellip;]<\/p>\n","protected":false},"author":1,"featured_media":0,"comment_status":"open","ping_status":"open","sticky":false,"template":"","format":"standard","meta":[],"categories":[75],"tags":[],"_links":{"self":[{"href":"https:\/\/tejidohistorico.afrodescendientes.com\/index.php\/wp-json\/wp\/v2\/posts\/1532"}],"collection":[{"href":"https:\/\/tejidohistorico.afrodescendientes.com\/index.php\/wp-json\/wp\/v2\/posts"}],"about":[{"href":"https:\/\/tejidohistorico.afrodescendientes.com\/index.php\/wp-json\/wp\/v2\/types\/post"}],"author":[{"embeddable":true,"href":"https:\/\/tejidohistorico.afrodescendientes.com\/index.php\/wp-json\/wp\/v2\/users\/1"}],"replies":[{"embeddable":true,"href":"https:\/\/tejidohistorico.afrodescendientes.com\/index.php\/wp-json\/wp\/v2\/comments?post=1532"}],"version-history":[{"count":0,"href":"https:\/\/tejidohistorico.afrodescendientes.com\/index.php\/wp-json\/wp\/v2\/posts\/1532\/revisions"}],"wp:attachment":[{"href":"https:\/\/tejidohistorico.afrodescendientes.com\/index.php\/wp-json\/wp\/v2\/media?parent=1532"}],"wp:term":[{"taxonomy":"category","embeddable":true,"href":"https:\/\/tejidohistorico.afrodescendientes.com\/index.php\/wp-json\/wp\/v2\/categories?post=1532"},{"taxonomy":"post_tag","embeddable":true,"href":"https:\/\/tejidohistorico.afrodescendientes.com\/index.php\/wp-json\/wp\/v2\/tags?post=1532"}],"curies":[{"name":"wp","href":"https:\/\/api.w.org\/{rel}","templated":true}]}}