{"id":1534,"date":"2011-03-15T23:28:44","date_gmt":"2011-03-15T23:28:44","guid":{"rendered":"http:\/\/www2.nasaacin.org\/index.php\/2011\/03\/15\/arauca-persecusion-a-campesinos\/"},"modified":"2011-03-15T23:28:44","modified_gmt":"2011-03-15T23:28:44","slug":"arauca-persecusion-a-campesinos","status":"publish","type":"post","link":"https:\/\/tejidohistorico.afrodescendientes.com\/index.php\/2011\/03\/15\/arauca-persecusion-a-campesinos\/","title":{"rendered":"Arauca: Persecuci\u00f3n a campesinos"},"content":{"rendered":"<p>Las personas que han denunciado abusos del Ej\u00e9rcito en zona rural de Tame y en especial la comunidad de las veredas donde fueron violadas dos ni\u00f1as y luego asesinada una de ellas junto a sus hermanitos, est\u00e1n siendo objeto de intimidaci\u00f3n e incluso criminalizaci\u00f3n<\/p>\n<p>  <!--more-->  <\/p>\n<p>\u00a0<\/p>\n<h2>Contin\u00faa persecuci\u00f3n a campesinos que lideran denuncias contra Ej\u00e9rcito en Tame<\/h2>\n<p>Las personas que han denunciado abusos del Ej\u00e9rcito en zona rural de Tame y en especial la comunidad de las veredas donde fueron violadas dos ni\u00f1as y luego asesinada una de ellas junto a sus hermanitos, est\u00e1n siendo objeto de intimidaci\u00f3n e incluso criminalizaci\u00f3n, como el caso de Jos\u00e9 Antonio Toroca, detenido por la Sijin el 14 de marzo de 2011.<br \/><strong><br \/>DENUNCIA P\u00daBLICA<\/strong><\/p>\n<p>Humanidad Vigente Corporaci\u00f3n Jur\u00eddica y el Comit\u00e9 Permanente por la Defensa de los Derechos Humanos de Arauca, rechazan y denuncian ante las instituciones estatales encargadas de velar por la vida, verdad, honra, buen nombre y libertad de las personas y ante las organizaciones nacionales e internacionales defensoras de derechos humanos, la injusta y arbitraria detenci\u00f3n del dirigente comunal del municipio de Tame Jos\u00e9 Antonio Toroca, ocurrido el lunes 14 de marzo del 2011, a las 7:30 a.m. aproximadamente. <\/p>\n<p>Jos\u00e9 Antonio Toroca fue detenido en su residencia por miembros de la SIJIN Tame, por el presunto delito de rebeli\u00f3n y fue vinculado al proceso 65453 que cursa actualmente en la Fiscal\u00eda seccional de Tame y cuya investigaci\u00f3n preeliminar data del a\u00f1o 2005 con fundamento en el informe de inteligencia 6971 DIV2 BR18 B2 INT 1 252 suscrito en ese mismo a\u00f1o por el Mayor Guillermo Moreno Carrillo miembro de la Brigada M\u00f3vil 5, en el cual da cuenta de la operaci\u00f3n SAETA II donde supuestamente el Ej\u00e9rcito incaut\u00f3 un listado de hojas de vida de un supuesto censo realizado por las Farc y con declaraciones de supuestos desmovilizados.<\/p>\n<p>Es de advertir que en este proceso penal se han cometido toda suerte de irregularidades y lleva m\u00e1s de 4 a\u00f1os en etapa de investigaci\u00f3n sin que se avance ni se tome decisi\u00f3n de fondo, debido a la negligencia de los funcionarios Fiscales que han conocido del mismo, pese a las reiteradas peticiones que han hecho los defensores que act\u00faan dentro del proceso, muchas de ellas extraviadas del expediente.<\/p>\n<p>Jos\u00e9 Antonio Toroca se desempe\u00f1a como presidente de la junta de acci\u00f3n comunal de la vereda Algarrobos y es el presidente del Distrito de Juntas Comunales del sector de Flor Amarillo municipio de Tame, lugar donde fueron abusadas sexualmente dos ni\u00f1as y posteriormente asesinada una de ellas junto a sus dos hermanitos, en octubre de 2010.<\/p>\n<p>Como dirigente campesino y comunal, Jos\u00e9 Antonio Toroca ha liderado las denuncias y manifestaciones de rechazo por los cr\u00edmenes cometidos contra ni\u00f1as y ni\u00f1os en su regi\u00f3n, en los que adem\u00e1s, se investiga como presunto asesino y confeso violador al Subteniente Ra\u00fal Mu\u00f1oz Linares, qui\u00e9n comandaba la patrulla &#8216;Buitres 2&#8217; adscrita a la Brigada M\u00f3vil No 5 del Ej\u00e9rcito Nacional.<\/p>\n<p>La detenci\u00f3n de este l\u00edder campesino corresponde a otro montaje y &#8216;falso positivo jur\u00eddico&#8217; de los tantos que se presentan en el departamento de Arauca como parte de una estrategia de persecuci\u00f3n, hostigamiento e incluso retaliaci\u00f3n contra las comunidades y l\u00edderes que valientemente han denunciado y emprendido protestas por todas las atrocidades que vienen cometiendo los miembros de la Brigada M\u00f3vil 5 del Ej\u00e9rcito Nacional en el departamento.<\/p>\n<p>Desde octubre de 2010 Humanidad Vigente, el CPDH-Arauca y las comunidades del sector mediante denuncias p\u00fablicas y acciones urgentes ven\u00edamos alertando y denunciando sobre posibles montajes y represalias a campesinos y l\u00edderes, ya que la actitud del la actitud del Estado ha sido se\u00f1alar e intimidar a las comunidades campesinas.<\/p>\n<p>Exigimos la libertad inmediata del dirigente comunal Jos\u00e9 Antonio Toroca y que se detenga la persecuci\u00f3n e intimidaci\u00f3n contra las comunidades campesinas y sus l\u00edderes que con valor civil han denunciado los abusos y violaciones en las que han incurrido militares de la Brigada M\u00f3vil 5.<\/p>\n<p>As\u00ed mismo, exhortamos a las autoridades para que en lugar de perseguir a las v\u00edctimas se castigue ejemplarmente a los victimarios y a que se adelante con celeridad el juicio para que haya verdad, justicia y reparaci\u00f3n integral y no se dilaten las audiencias p\u00fablicas contra el subteniente Ra\u00fal Mu\u00f1oz, ni se obstruya la justicia como hasta el momento lo viene haciendo la defensa del militar con el prop\u00f3sito de que opere la libertad por vencimiento de t\u00e9rminos<\/p>\n<p>Igualmente, seguimos solicitando la solidaridad, acompa\u00f1amiento y seguimiento de la comunidad nacional e internacional y de las organizaciones defensoras de derechos humanos para que ejerzan veedur\u00eda y control en este caso ya que se han identificado intenciones de desviar la investigaci\u00f3n e inculpar a campesinos.<\/p>\n<p>La denuncia de atrocidades cometidas por el Ej\u00e9rcito no puede desencadenar la criminalizaci\u00f3n de los campesinos de la zona.<\/p>\n<p><span class=\"small\">Escrito por <strong>Humanidad Vigente \/ CPDH Arauca <\/strong><\/span><strong> <\/strong><\/p>\n<p><a href=\"http:\/\/www.humanidadvigente.net\/index.php?option=com_content&#038;view=article&#038;id=208;continua-persecucion-a-campesinos-que-lideran-denuncias-contra-ejercito-en-tame-&#038;catid=26;comunicados&#038;Itemid=34\" target=\"_blank\" rel=\"noopener noreferrer\">http:\/\/www.humanidadvigente.net\/index.php?option=com_content&#038;view=article&#038;id=208;continua-persecucion-a-campesinos-que-lideran-denuncias-contra-ejercito-en-tame-&#038;catid=26;comunicados&#038;Itemid=34<\/a><\/p>\n","protected":false},"excerpt":{"rendered":"<p>Las personas que han denunciado abusos del Ej\u00e9rcito en zona rural de Tame y en especial la comunidad de las veredas donde fueron violadas dos ni\u00f1as y luego asesinada una de ellas [&hellip;]<\/p>\n","protected":false},"author":2,"featured_media":0,"comment_status":"open","ping_status":"open","sticky":false,"template":"","format":"standard","meta":[],"categories":[75],"tags":[],"_links":{"self":[{"href":"https:\/\/tejidohistorico.afrodescendientes.com\/index.php\/wp-json\/wp\/v2\/posts\/1534"}],"collection":[{"href":"https:\/\/tejidohistorico.afrodescendientes.com\/index.php\/wp-json\/wp\/v2\/posts"}],"about":[{"href":"https:\/\/tejidohistorico.afrodescendientes.com\/index.php\/wp-json\/wp\/v2\/types\/post"}],"author":[{"embeddable":true,"href":"https:\/\/tejidohistorico.afrodescendientes.com\/index.php\/wp-json\/wp\/v2\/users\/2"}],"replies":[{"embeddable":true,"href":"https:\/\/tejidohistorico.afrodescendientes.com\/index.php\/wp-json\/wp\/v2\/comments?post=1534"}],"version-history":[{"count":0,"href":"https:\/\/tejidohistorico.afrodescendientes.com\/index.php\/wp-json\/wp\/v2\/posts\/1534\/revisions"}],"wp:attachment":[{"href":"https:\/\/tejidohistorico.afrodescendientes.com\/index.php\/wp-json\/wp\/v2\/media?parent=1534"}],"wp:term":[{"taxonomy":"category","embeddable":true,"href":"https:\/\/tejidohistorico.afrodescendientes.com\/index.php\/wp-json\/wp\/v2\/categories?post=1534"},{"taxonomy":"post_tag","embeddable":true,"href":"https:\/\/tejidohistorico.afrodescendientes.com\/index.php\/wp-json\/wp\/v2\/tags?post=1534"}],"curies":[{"name":"wp","href":"https:\/\/api.w.org\/{rel}","templated":true}]}}