{"id":1537,"date":"2011-03-16T15:30:09","date_gmt":"2011-03-16T15:30:09","guid":{"rendered":"http:\/\/www2.nasaacin.org\/index.php\/2011\/03\/16\/la-comunidad-nasa-reunida-en-defensa-del-territorio\/"},"modified":"2011-03-16T15:30:09","modified_gmt":"2011-03-16T15:30:09","slug":"la-comunidad-nasa-reunida-en-defensa-del-territorio","status":"publish","type":"post","link":"https:\/\/tejidohistorico.afrodescendientes.com\/index.php\/2011\/03\/16\/la-comunidad-nasa-reunida-en-defensa-del-territorio\/","title":{"rendered":"La comunidad nasa  reunida en defensa del territorio"},"content":{"rendered":"<p>El pasado 7 y 8 de marzo del\u00a0 2011, entre cabildos y\u00a0 asentamientos, se reunieron m\u00e1s de setecientas personas en asamblea en la vereda Las Huacas, municipio de Florida que hace parte de la Organizaci\u00f3n Regional Ind\u00edgena del Valle Cauca &#8211; ORIVAC.<\/p>\n<p>  <!--more-->  <\/p>\n<p>\u00a0<\/p>\n<p>Esta asamblea Nasa se llev\u00f3 a cabo con el fin de dar a conocer las problem\u00e1ticas que se est\u00e1n viviendo en los territorios ind\u00edgenas del Valle del Cauca, debido a que est\u00e1n siendo agredidos\u00a0 por los diversos grupos armados legales e ilegales.<\/p>\n<p>La poblaci\u00f3n civil est\u00e1 atemorizada por las confrontaciones de estos grupos armados al interior del territorio, por la siembra de minas anti persona, porque siguen las amenazas a los l\u00edderes y a la poblaci\u00f3n en general.\u00a0 El gobierno, por su parte, est\u00e1 construyendo la v\u00eda que comunicar\u00e1 el Valle del Cauca con el departamento del Tolima y para llevarlo a cabo ha instalado all\u00ed un batall\u00f3n de alta monta\u00f1a que est\u00e1 afectado el p\u00e1ramo, las quebradas y toda su riqueza natural.<\/p>\n<p>La ORIVAC se ha interesado por buscar espacios donde se socialicen estas problem\u00e1ticas para generar conciencia y que la gente se apropie de su territorio.\u00a0 Se dieron a conocer los impactos de la miner\u00eda, las estrategias de las multinacionales como la cooptaci\u00f3n de comunidades y l\u00edderes para extraer la riqueza de la Madre Tierra. Durante la charla, el expositor de la asamblea relat\u00f3 diferentes experiencias que ya han sucedido en diferentes departamentos. En esta labor de concientizar, se ha logrado contar con diversos acompa\u00f1amientos de l\u00edderes, organizaciones vecinas como el Consejo Regional Ind\u00edgena del Cauca- CRIC y el Consejo Regional Ind\u00edgena del Tolima.<\/p>\n<p>Tambi\u00e9n es de resaltar\u00a0 la participaci\u00f3n\u00a0 de diferentes l\u00edderes, guardia ind\u00edgena y comunidades de los resguardos: Kwes kiwe, Nasa Tha Yu, Triunfo Cristal P\u00e1ez, San Ju\u00e1n P\u00e1ez, Las Guacas , Kwes wala, , La cumbre , Nuevo oriente , La rivera ,Granates , Altamira , El salado\u00a0 de Florida Valle, y el Cabildo de las Mercedes del departamento Tolima.<\/p>\n<p>Como resultado de la concientizaci\u00f3n que se est\u00e1 desarrollando en estas comunidades, varios j\u00f3venes est\u00e1n capacit\u00e1ndose y trabajando para el fortalecimiento\u00a0 de los planes de Vida.\u00a0 Seis de estos j\u00f3venes ind\u00edgenas Nasa han entendido la importancia de la comunicaci\u00f3n para acompa\u00f1ar esta labor y se est\u00e1n capacitando en la Escuela de Comunicaci\u00f3n de la Zona Norte.\u00a0\u00a0 Ellos, durante la serie de asambleas que se han realizado, han participado desde la comunicaci\u00f3n. Dependiendo de las tem\u00e1ticas de evento programan los video-foros en horas de la noche, animan a la comunidad, hacen reportes para la emisora Radio Pa\u2019yumat y hacen filmaciones, entre otras actividades.<\/p>\n<p>Para esta asamblea que se realiz\u00f3 en la vereda Las Huacas, los j\u00f3venes presentaron el d\u00eda lunes 7, el documental Texaco Toxico que muestra las graves afectaciones a la naturaleza y a los humanos que causa la extracci\u00f3n del crudo que realiza la multinacional, impacto que no s\u00f3lo ha dejado huella en la Amazon\u00eda Ecuatoriana sino\u00a0 en el alma\u00a0 de todos\u00a0 los seres que all\u00ed habitan.\u00a0 Adem\u00e1s se present\u00f3 \u201cPa\u00eds de los pueblos sin due\u00f1os\u201d documental realizado por el tejido de comunicaci\u00f3n de la minga social y comunitaria del 2008.<\/p>\n<p>Estos j\u00f3venes tejedores de la comunicaci\u00f3n para la verdad y la vida, saben que todo lo que ocurre en su territorio no es un caso aislado, saben que este conflicto hace parte de un plan de muerte que hoy arremete contra su comunidad, y que es desde all\u00ed que deben surgir propuestas para resistir no s\u00f3lo a los grupos armados, sino a las multinacionales que est\u00e1n detr\u00e1s de sus sitios sagrados. <\/p>\n<p>Tejido de Comunicaci\u00f3n ACIN<\/p>\n","protected":false},"excerpt":{"rendered":"<p>El pasado 7 y 8 de marzo del\u00a0 2011, entre cabildos y\u00a0 asentamientos, se reunieron m\u00e1s de setecientas personas en asamblea en la vereda Las Huacas, municipio de Florida que hace parte [&hellip;]<\/p>\n","protected":false},"author":1,"featured_media":0,"comment_status":"open","ping_status":"open","sticky":false,"template":"","format":"standard","meta":[],"categories":[75],"tags":[],"_links":{"self":[{"href":"https:\/\/tejidohistorico.afrodescendientes.com\/index.php\/wp-json\/wp\/v2\/posts\/1537"}],"collection":[{"href":"https:\/\/tejidohistorico.afrodescendientes.com\/index.php\/wp-json\/wp\/v2\/posts"}],"about":[{"href":"https:\/\/tejidohistorico.afrodescendientes.com\/index.php\/wp-json\/wp\/v2\/types\/post"}],"author":[{"embeddable":true,"href":"https:\/\/tejidohistorico.afrodescendientes.com\/index.php\/wp-json\/wp\/v2\/users\/1"}],"replies":[{"embeddable":true,"href":"https:\/\/tejidohistorico.afrodescendientes.com\/index.php\/wp-json\/wp\/v2\/comments?post=1537"}],"version-history":[{"count":0,"href":"https:\/\/tejidohistorico.afrodescendientes.com\/index.php\/wp-json\/wp\/v2\/posts\/1537\/revisions"}],"wp:attachment":[{"href":"https:\/\/tejidohistorico.afrodescendientes.com\/index.php\/wp-json\/wp\/v2\/media?parent=1537"}],"wp:term":[{"taxonomy":"category","embeddable":true,"href":"https:\/\/tejidohistorico.afrodescendientes.com\/index.php\/wp-json\/wp\/v2\/categories?post=1537"},{"taxonomy":"post_tag","embeddable":true,"href":"https:\/\/tejidohistorico.afrodescendientes.com\/index.php\/wp-json\/wp\/v2\/tags?post=1537"}],"curies":[{"name":"wp","href":"https:\/\/api.w.org\/{rel}","templated":true}]}}