{"id":1542,"date":"2011-03-17T18:42:20","date_gmt":"2011-03-17T18:42:20","guid":{"rendered":"http:\/\/www2.nasaacin.org\/index.php\/2011\/03\/17\/valle-del-caucatransnacional-kraft-foods-despedira-la-totalidad-de-los-trabajadores\/"},"modified":"2011-03-17T18:42:20","modified_gmt":"2011-03-17T18:42:20","slug":"valle-del-caucatransnacional-kraft-foods-despedira-la-totalidad-de-los-trabajadores","status":"publish","type":"post","link":"https:\/\/tejidohistorico.afrodescendientes.com\/index.php\/2011\/03\/17\/valle-del-caucatransnacional-kraft-foods-despedira-la-totalidad-de-los-trabajadores\/","title":{"rendered":"Valle del Cauca:Transnacional Kraft Foods despedir\u00e1 la totalidad de los trabajadores"},"content":{"rendered":"<p \/>La transnacional estadounidense Kraft Foods anuncio el cierre definitivo  de la factor\u00eda ubicada en la Zona Franca del Pac\u00edfico en Palmira  Colombia y solicit\u00f3 al Ministerio de la Protecci\u00f3n Social autorizaci\u00f3n  para despedir la totalidad de los trabajadores.  <!--more-->  <\/p>\n<h2>Transnacional Kraft Foods despedir\u00e1 la totalidad de los trabajadores de la factor\u00eda de Palmira<\/h2>\n<p>La transnacional estadounidense Kraft Foods anuncio el cierre definitivo de la factor\u00eda ubicada en la Zona Franca del Pac\u00edfico en Palmira Colombia y solicit\u00f3 al Ministerio de la Protecci\u00f3n Social autorizaci\u00f3n para despedir la totalidad de los trabajadores.<\/p>\n<p>Si el gobierno nacional acepta esta solicitud quedar\u00edan sin empleo 400 trabajadores y cerca de 1500 integrantes de estas familias sin el sustento diario.<\/p>\n<p>Kraft Foods sustenta el cierre en los efectos de la ola invernal de finales de 2010 en Colombia, en el abastecimiento del mercado andino por parte de otras factor\u00edas ubicadas en el continente y por las restricciones de importaci\u00f3n de Venezuela en las materias primas y productos terminados.<\/p>\n<p>Con la adquisici\u00f3n a nivel mundial de Cadbury Adams a comienzos del 2010, Kraft Foods se consolid\u00f3 como la segunda empresa a nivel mundial en el sector de los alimentos. En Colombia la planta de Cadbury ubicada en Cali paso a ser propiedad de la compa\u00f1\u00eda. En esta empresa no existe sindicato, ni convenci\u00f3n colectiva y las condiciones laborales y econ\u00f3micas de los obreros es muy precaria.<\/p>\n<p>Como les informamos oportunamente, en a\u00f1os anteriores la transnacional despidi\u00f3 trabajadores, forz\u00f3 ileg\u00edtimamente a los obreros para que renunciaran a la empresa y les violent\u00f3 sus derechos individuales y colectivos con el prop\u00f3sito de destruir la organizaci\u00f3n sindical, acabar la convenci\u00f3n colectiva y abaratar los costos de mano de obra.<\/p>\n<p>Kraft Foods aprovechar\u00e1 la tragedia humanitaria causada por la ola invernal que dejo damnificados cerca de 4.5 millones de colombianos y causo la muerte a m\u00e1s de 400 personas, para destruir el sindicato y recibir grandes subsidios econ\u00f3micos del gobierno nacional, quien dispuso de 28.7 billones de pesos del Presupuesto General de la Naci\u00f3n para inversiones en las zonas afectadas. Muy poco ser\u00e1 recibido por la poblaci\u00f3n impactada.<\/p>\n<p>Como parte del plan de defensa de los 400 puestos de trabajo, de la estabilidad de los obreros y del sustento de quienes saldr\u00e1n afectados en caso de que el gobierno nacional autorice el despido colectivo, estamos convocando el ENCUENTRO LATINOAMERICANO EN SOLIDARIDAD CON LOS TRABAJADORES DE KRAFT FOODS.<\/p>\n<p>El encuentro est\u00e1 enmarcado dentro de la campa\u00f1a No a la Guerra de las Transnacionales, por soberan\u00eda, democracia, paz y bienestar y por la integraci\u00f3n de los pueblos de Nuestra Am\u00e9rica aprobada dentro del proceso del Tribunal Permanente de los Pueblos realizado en Colombia y se realizar\u00e1 en el Valle del Cauca los d\u00edas 31 de marzo y 1 de abril de 2011.<\/p>\n<p><a href=\"http:\/\/www.colectivodeabogados.org\/Trabajadores\">Trabajadores<\/a> | <a href=\"http:\/\/www.colectivodeabogados.org\/Valle-del-Cauca\">Valle del Cauca<\/a> |<\/p>\n<p><a href=\"http:\/\/www.colectivodeabogados.org\/Transnacional-Kraft-Foods\">http:\/\/www.colectivodeabogados.org\/Transnacional-Kraft-Foods<\/a><\/p>\n","protected":false},"excerpt":{"rendered":"<p>La transnacional estadounidense Kraft Foods anuncio el cierre definitivo de la factor\u00eda ubicada en la Zona Franca del Pac\u00edfico en Palmira Colombia y solicit\u00f3 al Ministerio de la Protecci\u00f3n Social autorizaci\u00f3n para [&hellip;]<\/p>\n","protected":false},"author":2,"featured_media":0,"comment_status":"open","ping_status":"open","sticky":false,"template":"","format":"standard","meta":[],"categories":[75],"tags":[],"_links":{"self":[{"href":"https:\/\/tejidohistorico.afrodescendientes.com\/index.php\/wp-json\/wp\/v2\/posts\/1542"}],"collection":[{"href":"https:\/\/tejidohistorico.afrodescendientes.com\/index.php\/wp-json\/wp\/v2\/posts"}],"about":[{"href":"https:\/\/tejidohistorico.afrodescendientes.com\/index.php\/wp-json\/wp\/v2\/types\/post"}],"author":[{"embeddable":true,"href":"https:\/\/tejidohistorico.afrodescendientes.com\/index.php\/wp-json\/wp\/v2\/users\/2"}],"replies":[{"embeddable":true,"href":"https:\/\/tejidohistorico.afrodescendientes.com\/index.php\/wp-json\/wp\/v2\/comments?post=1542"}],"version-history":[{"count":0,"href":"https:\/\/tejidohistorico.afrodescendientes.com\/index.php\/wp-json\/wp\/v2\/posts\/1542\/revisions"}],"wp:attachment":[{"href":"https:\/\/tejidohistorico.afrodescendientes.com\/index.php\/wp-json\/wp\/v2\/media?parent=1542"}],"wp:term":[{"taxonomy":"category","embeddable":true,"href":"https:\/\/tejidohistorico.afrodescendientes.com\/index.php\/wp-json\/wp\/v2\/categories?post=1542"},{"taxonomy":"post_tag","embeddable":true,"href":"https:\/\/tejidohistorico.afrodescendientes.com\/index.php\/wp-json\/wp\/v2\/tags?post=1542"}],"curies":[{"name":"wp","href":"https:\/\/api.w.org\/{rel}","templated":true}]}}