{"id":158,"date":"2010-07-14T05:00:00","date_gmt":"2010-07-14T05:00:00","guid":{"rendered":"http:\/\/www2.nasaacin.org\/index.php\/2010\/07\/14\/la-cantimplora\/"},"modified":"2010-07-14T05:00:00","modified_gmt":"2010-07-14T05:00:00","slug":"la-cantimplora","status":"publish","type":"post","link":"https:\/\/tejidohistorico.afrodescendientes.com\/index.php\/2010\/07\/14\/la-cantimplora\/","title":{"rendered":"La cantimplora"},"content":{"rendered":"<div class=\"fuentefecha\">[ 07\/14\/2010] [ <span>Fuente: <a href=\"http:\/\/gustavoduch.wordpress.com\/\" target=\"_blank\" rel=\"noopener noreferrer\">Gustavoduch.wordpress.com<\/a><\/span> ]  [ <span>Autor: Gustavo Duch. Galicia Hoxe<\/span>]<\/div>\n<\/p>\n<div>Espa\u00f1a es (con datos del 2004) el sexto pa\u00eds en el consumo de agua  embotellada per c\u00e1pita. Alrededor de 140 litros por persona al a\u00f1o. Un  40% m\u00e1s que s\u00f3lo cinco a\u00f1os atr\u00e1s. Ciertamente la tendencia de usar agua  embotellada en detrimento del agua de la red es apreciable en muchos  h\u00e1bitos que todos nosotros y nosotras habremos observado.   <!--more-->  <\/div>\n<p>Dispongo de los barriles de petr\u00f3leo suficientes para que en el  Estado  espa\u00f1ol, 20.00 coches, m\u00e1s o menos, puedan aprovisionarse de combustible  durante un a\u00f1o (seg\u00fan unas extrapolaciones de los c\u00e1lculos que hace  Emily Arnold del Earth Policy Institute). O mejor todav\u00eda, tengo la  f\u00f3rmula para que el planeta se ahorre ese consumo de petr\u00f3leo. Est\u00e1 en  nuestras manos. En todas las manos que compran agua embotellada para  satisfacer la necesidad de beber. Los costos ambientales de la  producci\u00f3n de agua embotellada no son precisamente peque\u00f1os. Seg\u00fan el  diario suizo Le Temps, la energ\u00eda utilizada en todo el proceso de  fabricaci\u00f3n y posterior deshecho de una botella de agua equivale a  llenarla de petr\u00f3leo en un cuarto.<br \/><em><br \/>Espa\u00f1a es (con datos del  2004) el sexto pa\u00eds en el consumo de agua embotellada per c\u00e1pita.  Alrededor de 140 litros por persona al a\u00f1o. Un 40% m\u00e1s que s\u00f3lo cinco  a\u00f1os atr\u00e1s. Ciertamente la tendencia de usar agua embotellada en  detrimento del agua de la red es apreciable en muchos h\u00e1bitos que todos  nosotros y nosotras habremos observado. <\/em>No se trata de dejar de  beber, claro. Se trata, como siempre, de disponer de la informaci\u00f3n  correcta para poder tomar nuestras decisiones a la hora de decidir entre  las opciones de pl\u00e1stico o la opci\u00f3n del agua de la red.<\/p>\n<p>La  informaci\u00f3n: Al coste ecol\u00f3gico que significa la elaboraci\u00f3n de tantas  botellas para el agua embasada, como citaba al principio, hay que  a\u00f1adirle que, por ejemplo en los EEU, s\u00f3lo 14 de cada 100 botellas van  al contenedor de reciclaje apropiado. Y m\u00e1s preocupante a\u00fan es que el  reciclaje de las mismas se hace en muchas ocasiones en pa\u00edses  empobrecidos del Sur. Una caracter\u00edstica propia de nuestro modelo  capitalista postcolonial. Deshacernos de nuestras basuras en los patios  de otros, como la India o la China, en este caso.<\/p>\n<p>Si todo esto no  nos hace entrar un mal regusto de boca cuando bebemos agua embotellada  (hay muchas marcas pero controladas todas por pocas empresas, con Nestl\u00e9  a la cabeza), piensen en su bolsillo. En general, en pa\u00edses como el  nuestro, donde el agua de la red es tan saludable como el agua  embotellada, esta \u00faltima puede costar hasta 10.000 veces m\u00e1s cara que la  del grifo. Como dice Annie Leonard en su documental \u2018La historia del  agua embotellada\u2019,\u00a0 \u00bfte imaginas pagar 10.000 veces m\u00e1s por un mismo  producto?<\/p>\n<p>\u00bfD\u00f3nde dej\u00e9 mi cantimplora?<\/p>\n","protected":false},"excerpt":{"rendered":"<p>[ 07\/14\/2010] [ Fuente: Gustavoduch.wordpress.com ] [ Autor: Gustavo Duch. Galicia Hoxe] Espa\u00f1a es (con datos del 2004) el sexto pa\u00eds en el consumo de agua embotellada per c\u00e1pita. Alrededor de 140 [&hellip;]<\/p>\n","protected":false},"author":1,"featured_media":0,"comment_status":"open","ping_status":"open","sticky":false,"template":"","format":"standard","meta":[],"categories":[3],"tags":[],"_links":{"self":[{"href":"https:\/\/tejidohistorico.afrodescendientes.com\/index.php\/wp-json\/wp\/v2\/posts\/158"}],"collection":[{"href":"https:\/\/tejidohistorico.afrodescendientes.com\/index.php\/wp-json\/wp\/v2\/posts"}],"about":[{"href":"https:\/\/tejidohistorico.afrodescendientes.com\/index.php\/wp-json\/wp\/v2\/types\/post"}],"author":[{"embeddable":true,"href":"https:\/\/tejidohistorico.afrodescendientes.com\/index.php\/wp-json\/wp\/v2\/users\/1"}],"replies":[{"embeddable":true,"href":"https:\/\/tejidohistorico.afrodescendientes.com\/index.php\/wp-json\/wp\/v2\/comments?post=158"}],"version-history":[{"count":0,"href":"https:\/\/tejidohistorico.afrodescendientes.com\/index.php\/wp-json\/wp\/v2\/posts\/158\/revisions"}],"wp:attachment":[{"href":"https:\/\/tejidohistorico.afrodescendientes.com\/index.php\/wp-json\/wp\/v2\/media?parent=158"}],"wp:term":[{"taxonomy":"category","embeddable":true,"href":"https:\/\/tejidohistorico.afrodescendientes.com\/index.php\/wp-json\/wp\/v2\/categories?post=158"},{"taxonomy":"post_tag","embeddable":true,"href":"https:\/\/tejidohistorico.afrodescendientes.com\/index.php\/wp-json\/wp\/v2\/tags?post=158"}],"curies":[{"name":"wp","href":"https:\/\/api.w.org\/{rel}","templated":true}]}}