{"id":1596,"date":"2011-03-24T05:00:00","date_gmt":"2011-03-24T05:00:00","guid":{"rendered":"http:\/\/www2.nasaacin.org\/index.php\/2011\/03\/24\/relatoria-final-minga-cucuta-2011\/"},"modified":"2011-03-24T05:00:00","modified_gmt":"2011-03-24T05:00:00","slug":"relatoria-final-minga-cucuta-2011","status":"publish","type":"post","link":"https:\/\/tejidohistorico.afrodescendientes.com\/index.php\/2011\/03\/24\/relatoria-final-minga-cucuta-2011\/","title":{"rendered":"Relator\u00eda Final, Minga C\u00facuta 2011"},"content":{"rendered":"<p>Durante los d\u00edas 18, 19 y 20 de Marzo de 2011, se realiz\u00f3 la Comisi\u00f3n Pol\u00edtica de la Mingaen C\u00facuta Norte de Santander. La agenda de trabajo fue la siguiente:<\/p>\n<p>  <!--more-->  <\/p>\n<p>\u00a0<\/p>\n<p>El d\u00eda Viernes 18 se trabaj\u00f3 en grupos la reflexi\u00f3n sobre\u00a0 tres puntos de la Minga, Tierra, territorio y soberan\u00eda, Guerra, paz y derechos humanos, Modelo Econ\u00f3mico y Leyes del Despojo. El trabajo se hizo con base en las siguientes preguntas: Definir una de acci\u00f3n de cara al pa\u00eds en el eje; C\u00f3mo est\u00e1 el proceso de Minga en las regiones y\u00a0 como fortalecer el proceso de la minga, se hizo plenaria sobre este trabajo (Ver resultados en las relator\u00edas adjuntas)<\/p>\n<p>El d\u00eda S\u00e1bado 19 se trabaj\u00f3 en dos momentos: en la ma\u00f1ana, se trabaj\u00f3 agenda nacional, con base en el trabajo anterior y en la tarde se hicieron tulpas de pensamiento por sectores en los siguientes temas: Tierra, territorio y soberan\u00eda, Derechos Humanos y trabajo digno, G\u00e9nero, Educaci\u00f3n, Comunicaci\u00f3n alternativa y Integraci\u00f3n Fronteriza y asuntos ind\u00edgenas. ( Ver resultado de estas tulpas en las relator\u00edas adjuntas)<\/p>\n<p>El d\u00eda domingo 20, se realiz\u00f3 la plenaria de los dos trabajos del d\u00eda anterior, con lo cual se defini\u00f3: agenda regional,\u00a0 agenda nacional y agenda internacional.\u00a0 A continuaci\u00f3n hacemos una s\u00edntesis de esta plenaria, que es la carta de navegaci\u00f3n de la Minga de Resistencia Social y Comunitaria durante los siguientes meses, la cual se revisar\u00e1 en la pr\u00f3xima reuni\u00f3n de Comisi\u00f3n Pol\u00edtica en la Colosa el viernes y s\u00e1bado, 6 y 7 de Mayo.<\/p>\n<p><strong>Leer m\u00e1s en archivo adjunto<\/strong><\/p>\n<p>Marzo 25 del 2011<\/p>\n","protected":false},"excerpt":{"rendered":"<p>Durante los d\u00edas 18, 19 y 20 de Marzo de 2011, se realiz\u00f3 la Comisi\u00f3n Pol\u00edtica de la Mingaen C\u00facuta Norte de Santander. La agenda de trabajo fue la siguiente:<\/p>\n","protected":false},"author":2,"featured_media":0,"comment_status":"open","ping_status":"open","sticky":false,"template":"","format":"standard","meta":[],"categories":[71],"tags":[],"_links":{"self":[{"href":"https:\/\/tejidohistorico.afrodescendientes.com\/index.php\/wp-json\/wp\/v2\/posts\/1596"}],"collection":[{"href":"https:\/\/tejidohistorico.afrodescendientes.com\/index.php\/wp-json\/wp\/v2\/posts"}],"about":[{"href":"https:\/\/tejidohistorico.afrodescendientes.com\/index.php\/wp-json\/wp\/v2\/types\/post"}],"author":[{"embeddable":true,"href":"https:\/\/tejidohistorico.afrodescendientes.com\/index.php\/wp-json\/wp\/v2\/users\/2"}],"replies":[{"embeddable":true,"href":"https:\/\/tejidohistorico.afrodescendientes.com\/index.php\/wp-json\/wp\/v2\/comments?post=1596"}],"version-history":[{"count":0,"href":"https:\/\/tejidohistorico.afrodescendientes.com\/index.php\/wp-json\/wp\/v2\/posts\/1596\/revisions"}],"wp:attachment":[{"href":"https:\/\/tejidohistorico.afrodescendientes.com\/index.php\/wp-json\/wp\/v2\/media?parent=1596"}],"wp:term":[{"taxonomy":"category","embeddable":true,"href":"https:\/\/tejidohistorico.afrodescendientes.com\/index.php\/wp-json\/wp\/v2\/categories?post=1596"},{"taxonomy":"post_tag","embeddable":true,"href":"https:\/\/tejidohistorico.afrodescendientes.com\/index.php\/wp-json\/wp\/v2\/tags?post=1596"}],"curies":[{"name":"wp","href":"https:\/\/api.w.org\/{rel}","templated":true}]}}