{"id":1597,"date":"2011-03-29T19:30:24","date_gmt":"2011-03-29T19:30:24","guid":{"rendered":"http:\/\/www2.nasaacin.org\/index.php\/2011\/03\/29\/por-el-conflicto-armado-se-desaparecen-dos-personas\/"},"modified":"2011-03-29T19:30:24","modified_gmt":"2011-03-29T19:30:24","slug":"por-el-conflicto-armado-se-desaparecen-dos-personas","status":"publish","type":"post","link":"https:\/\/tejidohistorico.afrodescendientes.com\/index.php\/2011\/03\/29\/por-el-conflicto-armado-se-desaparecen-dos-personas\/","title":{"rendered":"Por el conflicto  armado se desaparecen dos personas"},"content":{"rendered":"<p>Durante los hechos ocurridos el fin de semana en el resguardo ind\u00edgena\u00a0 de Tacuey\u00f3, se denuncia la desaparici\u00f3n de dos comuneros, el desplazamiento de varias familias y la afectaci\u00f3n al territorio ind\u00edgena. Miller Correa Gobernador del cabildo ind\u00edgena de Tacuey\u00f3, nos comenta los hechos.<\/p>\n<p>{mp3remote}http:\/\/www.nasaacin.org\/images\/audios\/Gobernador-tacueyo.mp3{\/mp3remote}<\/p>\n","protected":false},"excerpt":{"rendered":"<p>Durante los hechos ocurridos el fin de semana en el resguardo ind\u00edgena\u00a0 de Tacuey\u00f3, se denuncia la desaparici\u00f3n de dos comuneros, el desplazamiento de varias familias y la afectaci\u00f3n al territorio ind\u00edgena. [&hellip;]<\/p>\n","protected":false},"author":1,"featured_media":0,"comment_status":"open","ping_status":"open","sticky":false,"template":"","format":"standard","meta":[],"categories":[47],"tags":[],"_links":{"self":[{"href":"https:\/\/tejidohistorico.afrodescendientes.com\/index.php\/wp-json\/wp\/v2\/posts\/1597"}],"collection":[{"href":"https:\/\/tejidohistorico.afrodescendientes.com\/index.php\/wp-json\/wp\/v2\/posts"}],"about":[{"href":"https:\/\/tejidohistorico.afrodescendientes.com\/index.php\/wp-json\/wp\/v2\/types\/post"}],"author":[{"embeddable":true,"href":"https:\/\/tejidohistorico.afrodescendientes.com\/index.php\/wp-json\/wp\/v2\/users\/1"}],"replies":[{"embeddable":true,"href":"https:\/\/tejidohistorico.afrodescendientes.com\/index.php\/wp-json\/wp\/v2\/comments?post=1597"}],"version-history":[{"count":0,"href":"https:\/\/tejidohistorico.afrodescendientes.com\/index.php\/wp-json\/wp\/v2\/posts\/1597\/revisions"}],"wp:attachment":[{"href":"https:\/\/tejidohistorico.afrodescendientes.com\/index.php\/wp-json\/wp\/v2\/media?parent=1597"}],"wp:term":[{"taxonomy":"category","embeddable":true,"href":"https:\/\/tejidohistorico.afrodescendientes.com\/index.php\/wp-json\/wp\/v2\/categories?post=1597"},{"taxonomy":"post_tag","embeddable":true,"href":"https:\/\/tejidohistorico.afrodescendientes.com\/index.php\/wp-json\/wp\/v2\/tags?post=1597"}],"curies":[{"name":"wp","href":"https:\/\/api.w.org\/{rel}","templated":true}]}}