{"id":1609,"date":"2011-03-31T21:51:03","date_gmt":"2011-03-31T21:51:03","guid":{"rendered":"http:\/\/www2.nasaacin.org\/index.php\/2011\/03\/31\/san-jose-de-apartado-comunidad-de-paz\/"},"modified":"2011-03-31T21:51:03","modified_gmt":"2011-03-31T21:51:03","slug":"san-jose-de-apartado-comunidad-de-paz","status":"publish","type":"post","link":"https:\/\/tejidohistorico.afrodescendientes.com\/index.php\/2011\/03\/31\/san-jose-de-apartado-comunidad-de-paz\/","title":{"rendered":"San jos\u00e9 de Apartad\u00f3, comunidad de paz"},"content":{"rendered":"<p>Hoy se repite el ritual de la estigmatizaci\u00f3n al tratar de convertir a Bernardo, luego de su ejecuci\u00f3n, en un delincuente. Y el Estado no ha tenido verg\u00fcenza de recurrir a los mismos m\u00e9todos sucios, que comienzan por la usurpaci\u00f3n del poder judicial por el poder ejecutivo: es la fuerza p\u00fablica la que est\u00e1 aportando sus falsos testigos, como lo ha hecho siempre, con tal de estigmatizar al m\u00e1ximo nuestro proceso.<\/p>\n","protected":false},"excerpt":{"rendered":"<p>Hoy se repite el ritual de la estigmatizaci\u00f3n al tratar de convertir a Bernardo, luego de su ejecuci\u00f3n, en un delincuente. Y el Estado no ha tenido verg\u00fcenza de recurrir a los [&hellip;]<\/p>\n","protected":false},"author":2,"featured_media":0,"comment_status":"open","ping_status":"open","sticky":false,"template":"","format":"standard","meta":[],"categories":[61],"tags":[],"_links":{"self":[{"href":"https:\/\/tejidohistorico.afrodescendientes.com\/index.php\/wp-json\/wp\/v2\/posts\/1609"}],"collection":[{"href":"https:\/\/tejidohistorico.afrodescendientes.com\/index.php\/wp-json\/wp\/v2\/posts"}],"about":[{"href":"https:\/\/tejidohistorico.afrodescendientes.com\/index.php\/wp-json\/wp\/v2\/types\/post"}],"author":[{"embeddable":true,"href":"https:\/\/tejidohistorico.afrodescendientes.com\/index.php\/wp-json\/wp\/v2\/users\/2"}],"replies":[{"embeddable":true,"href":"https:\/\/tejidohistorico.afrodescendientes.com\/index.php\/wp-json\/wp\/v2\/comments?post=1609"}],"version-history":[{"count":0,"href":"https:\/\/tejidohistorico.afrodescendientes.com\/index.php\/wp-json\/wp\/v2\/posts\/1609\/revisions"}],"wp:attachment":[{"href":"https:\/\/tejidohistorico.afrodescendientes.com\/index.php\/wp-json\/wp\/v2\/media?parent=1609"}],"wp:term":[{"taxonomy":"category","embeddable":true,"href":"https:\/\/tejidohistorico.afrodescendientes.com\/index.php\/wp-json\/wp\/v2\/categories?post=1609"},{"taxonomy":"post_tag","embeddable":true,"href":"https:\/\/tejidohistorico.afrodescendientes.com\/index.php\/wp-json\/wp\/v2\/tags?post=1609"}],"curies":[{"name":"wp","href":"https:\/\/api.w.org\/{rel}","templated":true}]}}