{"id":1623,"date":"2011-04-02T21:50:51","date_gmt":"2011-04-02T21:50:51","guid":{"rendered":"http:\/\/www2.nasaacin.org\/index.php\/2011\/04\/02\/el-alumno-supera-al-profesor\/"},"modified":"2011-04-02T21:50:51","modified_gmt":"2011-04-02T21:50:51","slug":"el-alumno-supera-al-profesor","status":"publish","type":"post","link":"https:\/\/tejidohistorico.afrodescendientes.com\/index.php\/2011\/04\/02\/el-alumno-supera-al-profesor\/","title":{"rendered":"El alumno supera al profesor"},"content":{"rendered":"<p \/>Que Santos se atreve a cosas peores que Uribe, no hay duda. Tal el caso de proponer las universidades con \u00e1nimo de lucro, es decir, como simples negocios en los que la calidad de la educaci\u00f3n, el monto de las matr\u00edculas, las condiciones laborales, las bibliotecas y laboratorios, en fin, todo, se supeditar\u00e1 a un solo inter\u00e9s: que el inversionista logre la m\u00e1xima ganancia, aun cuando para ello esquilme a sus clientes.  <!--more-->  <\/p>\n<p>\u2013en eso quedan los estudiantes\u2013 y pueda otorgar t\u00edtulos que certifiquen como buena hasta la educaci\u00f3n m\u00e1s mediocre. Constituye una burla mencionar siquiera que habr\u00e1 control del Estado.<\/p>\n<p>La c\u00faspide santo-uribista tambi\u00e9n busca abrirle las puertas de la universidad privada \u2013y de la p\u00fablica, se ufana la propuesta\u2013 al capital extranjero, tal y como lo se\u00f1ala el TLC con Estados Unidos por el que con tanta indignidad suplican. Atinan las universidades privadas colombianas \u2013a las que hoy las normas les ordenan ser sin \u00e1nimo de lucro\u2013 cuando calculan que ser\u00e1n vencidas en la competencia por las for\u00e1neas, que a la postre se quedar\u00e1n con el negocio de malformar a la juventud colombiana y con una parte sustancial de los recursos p\u00fablicos que van al Icetex, porque la educaci\u00f3n con \u00e1nimo de lucro tambi\u00e9n establece que el Estado la subsidiar\u00e1 con sus dineros.<\/p>\n<p>Ofende la inteligencia que digan que la universidad como negocio mejorar\u00e1 la calidad de la educaci\u00f3n, cuando se sabe que el capital puede conseguir altas ganancias con mercanc\u00edas buenas, regulares o malas. Y se sabe, adem\u00e1s, que las mercanc\u00edas de alta calidad tienen altos costos, matr\u00edculas en este caso, que de ninguna manera podr\u00e1 pagar la casi totalidad de los colombianos. Luego es al rev\u00e9s de como dice el gobierno: lo que se promover\u00e1 ser\u00e1 la mala calidad de la educaci\u00f3n.<\/p>\n<p>La propuesta oficial contiene otro horror que se menciona poco y que lleva al desastre. El propio rector de la Universidad Nacional de Colombia ha dicho que la ley no enfrenta el d\u00e9ficit de las universidades p\u00fablicas y que estas se hallan al borde del colapso. He aqu\u00ed a Juan Manuel Santos de cuerpo entero: la educaci\u00f3n de calidad y los grandes negocios para unos pocos y la crisis, la ignorancia y la pobreza para los dem\u00e1s, todo muy acorde con el pa\u00eds atrasado y pobre que se empe\u00f1an en montar. \u00a1Hasta cu\u00e1ndo abusar\u00e1n de la paciencia de los colombianos!<\/p>\n<p>Cometen un grave error las directivas de la Universidad de Caldas si insisten en imponer alzas en las matr\u00edculas hasta del 330 por ciento. Antes se destruye la universidad que salvarla a punta de matr\u00edculas caras. Lo sensato es promover la m\u00e1s amplia unidad en el reclamo al gobierno nacional para que financie adecuadamente la educaci\u00f3n p\u00fablica.<\/p>\n<p>La Contralora General de la Rep\u00fablica, Sandra Morelli, le acaba de enviar un control de advertencia al superintendente de Salud, Conrado G\u00f3mez, dici\u00e9ndole que no puede conciliar con Saludcoop m\u00e1s de 600 mil millones de pesos de los recursos de la salud, porque dicha operaci\u00f3n convertir\u00eda esa suma en patrimonio de la EPS. Si algo no puede permitirse m\u00e1s es que las EPS vuelvan propiedades suyas los recursos p\u00fablicos de car\u00e1cter parafiscal que deben gastarse de manera exclusiva en medicamentos, m\u00e9dicos y dem\u00e1s trabajadores de la salud, procedimientos y hospitalizaciones y hasta administraci\u00f3n, todo para atender la salud de los colombianos. Que las EPS aumenten su riqueza con las ganancias que les permite hacer el sistema con el pretexto de administrarlo, vaya y venga, mientras exista la p\u00e9sima ley que lo permite, pero no pueden echarse al bolsillo una plata que las normas les proh\u00edben tomar.<\/p>\n<p>De acuerdo con Barack Obama, Estados Unidos estimula la guerra y utiliza la CIA en Libia porque as\u00ed se los dictan sus intereses. Si los gobiernos europeos que andan en las mismas fueran francos, reconocer\u00edan lo mismo. Se puede tener una posici\u00f3n cr\u00edtica frente al gobierno libio, pero otra cosa bien distinta es respaldar que las potencias \u2013con la vergonzosa aquiescencia del gobierno de Colombia en la ONU\u2013 se arroguen el derecho de imponer a bala sus puntos de vista. Porque la no injerencia de un pa\u00eds en los asuntos internos de otro debe ser sagrada y porque son la codicia de las trasnacionales petroleras y los intereses imperiales lo que en verdad mueve a los que atacan a pa\u00edses soberanos en nombre de falsos humanitarismos. Significa una gran irresponsabilidad de estadounidenses y europeos intentar tomarse las protestas ciudadanas en esa regi\u00f3n del mundo mediante la agresi\u00f3n militar. Podr\u00edan provocar otros Irak y Afganist\u00e1n.<\/p>\n<p><span style=\"font-size: 15pt; font-family: Arial;\">Jorge Enrique Robledo, Bogot\u00e1, 1 de abril de 2011.<\/span><\/p>\n","protected":false},"excerpt":{"rendered":"<p>Que Santos se atreve a cosas peores que Uribe, no hay duda. Tal el caso de proponer las universidades con \u00e1nimo de lucro, es decir, como simples negocios en los que la [&hellip;]<\/p>\n","protected":false},"author":2,"featured_media":0,"comment_status":"open","ping_status":"open","sticky":false,"template":"","format":"standard","meta":[],"categories":[75],"tags":[],"_links":{"self":[{"href":"https:\/\/tejidohistorico.afrodescendientes.com\/index.php\/wp-json\/wp\/v2\/posts\/1623"}],"collection":[{"href":"https:\/\/tejidohistorico.afrodescendientes.com\/index.php\/wp-json\/wp\/v2\/posts"}],"about":[{"href":"https:\/\/tejidohistorico.afrodescendientes.com\/index.php\/wp-json\/wp\/v2\/types\/post"}],"author":[{"embeddable":true,"href":"https:\/\/tejidohistorico.afrodescendientes.com\/index.php\/wp-json\/wp\/v2\/users\/2"}],"replies":[{"embeddable":true,"href":"https:\/\/tejidohistorico.afrodescendientes.com\/index.php\/wp-json\/wp\/v2\/comments?post=1623"}],"version-history":[{"count":0,"href":"https:\/\/tejidohistorico.afrodescendientes.com\/index.php\/wp-json\/wp\/v2\/posts\/1623\/revisions"}],"wp:attachment":[{"href":"https:\/\/tejidohistorico.afrodescendientes.com\/index.php\/wp-json\/wp\/v2\/media?parent=1623"}],"wp:term":[{"taxonomy":"category","embeddable":true,"href":"https:\/\/tejidohistorico.afrodescendientes.com\/index.php\/wp-json\/wp\/v2\/categories?post=1623"},{"taxonomy":"post_tag","embeddable":true,"href":"https:\/\/tejidohistorico.afrodescendientes.com\/index.php\/wp-json\/wp\/v2\/tags?post=1623"}],"curies":[{"name":"wp","href":"https:\/\/api.w.org\/{rel}","templated":true}]}}