{"id":1715,"date":"2011-04-19T00:12:24","date_gmt":"2011-04-19T00:12:24","guid":{"rendered":"http:\/\/www2.nasaacin.org\/index.php\/2011\/04\/19\/falta-seguridad-para-la-vida-de-la-defensora-de-dh\/"},"modified":"2011-04-19T00:12:24","modified_gmt":"2011-04-19T00:12:24","slug":"falta-seguridad-para-la-vida-de-la-defensora-de-dh","status":"publish","type":"post","link":"https:\/\/tejidohistorico.afrodescendientes.com\/index.php\/2011\/04\/19\/falta-seguridad-para-la-vida-de-la-defensora-de-dh\/","title":{"rendered":"Falta seguridad para la vida de  la defensora de DH"},"content":{"rendered":"<p \/>Las organizaciones abajo firmantes, nos dirigimos de manera apremiante a los organismos intergubernamentales de derechos humanos, organizaciones internacionales y la opini\u00f3n p\u00fablica en general, a efectos de informar sobre la situaci\u00f3n de seguridad de la Presidenta de la Corporaci\u00f3n Sembrar y abogada defensora de derechos humanos Zoraida Hernandez.  <!--more-->  <\/p>\n<p>Quien durante los \u00faltimos d\u00edas ha visto incrementada la persecuci\u00f3n en su contra, as\u00ed como, acciones de hostigamiento.<\/p>\n<p><strong> HECHOS<\/strong><\/p>\n<p>1.\u00a0\u00a0\u00a0\u00a0\u00a0 El d\u00eda jueves 14 de abril de 2011, aproximadamente a las 7:30 p.m., dos hombres irrumpieron por la fuerza en la vivienda de la presidenta de la Corporaci\u00f3n Sembrar Zoraida Hern\u00e1ndez, en momentos en que ella se encontraba presente en compa\u00f1\u00eda de su familia.<br \/>Los hombres alcanzaron a ingresar hasta el balc\u00f3n de la vivienda y destruir la chapa de la puerta, sin embargo no pudieron acceder debido a otro seguro que lleva la misma puerta y la r\u00e1pida reacci\u00f3n y gritos de auxilio, situaci\u00f3n que oblig\u00f3 a los hombres a huir.<\/p>\n<p>2.\u00a0\u00a0\u00a0\u00a0\u00a0 Es particularmente inquietante que en el momento en que ello ocurr\u00eda, fueron suspendidos inexplicablemente el cit\u00f3fono y el tel\u00e9fono de la porter\u00eda, lo que impidi\u00f3 la comunicaci\u00f3n inmediata con el personal de vigilancia del conjunto residencial, restableci\u00e9ndose las mismas minutos despu\u00e9s de presentado este incidente de seguridad y que los hombres lograran huir.<\/p>\n<p>3.\u00a0\u00a0\u00a0\u00a0\u00a0 Desde el d\u00eda 3 de marzo de 2011, la Corporaci\u00f3n Sembrar se vio obligada a devolver al Gobierno de Colombia la totalidad de los esquemas de seguridad (carro blindado y escoltas), ante la ausencia de medidas pol\u00edticas y materiales reales de protecci\u00f3n, as\u00ed como la pretensi\u00f3n de obligar a Sembrar y al abogado Jorge Molano para aceptar empresas privadas armadas para su protecci\u00f3n.<\/p>\n<p>4.\u00a0\u00a0\u00a0\u00a0\u00a0 El Gobierno de Colombia se hab\u00eda comprometido con Sembrar a realizar una reuni\u00f3n de alto nivel, para la discusi\u00f3n y adopci\u00f3n de medidas pol\u00edticas, antes del 15 de marzo de 2011. Han transcurrido m\u00e1s de 40 d\u00edas de total desprotecci\u00f3n, sin que por parte del gobierno sea adoptada ninguna medida, manteniendo total silencio sobre las razones para la dilaci\u00f3n.<\/p>\n<p>5.\u00a0\u00a0\u00a0\u00a0\u00a0 Es claro que lo que ocurra en relaci\u00f3n con los derechos a la vida, integridad y libertad de Zoraida Hern\u00e1ndez, su familia, as\u00ed como de los dem\u00e1s integrantes y asesores de Sembrar, es total y exclusiva responsabilidad del Gobierno de Colombia, que ha demostrado especial desidia y negligencia para brindar garant\u00edas para el ejercicio de la defensa de derechos humanos.<\/p>\n<p>Estos actos de intimidaci\u00f3n, se presentan en un contexto en el cual l\u00edderes, lideresas y organizaciones acompa\u00f1antes de procesos de exigibilidad del derecho a la tierra y al territorio (retorno, restituci\u00f3n, reclamaci\u00f3n y permanencia) vienen siendo objeto de distintas modalidades de agresi\u00f3n contra sus vidas.<\/p>\n<p>La Corporaci\u00f3n Sembrar, acompa\u00f1a l\u00edderes, comunidades y organizaciones que adelantan procesos de defensa de su territorio y de restituci\u00f3n de tierras. Actualmente Sembrar acompa\u00f1a el proceso de retorno voluntario y aut\u00f3nomo de la comunidad de las Pavas iniciado desde el 04 de abril de 2011, en la cual Zoraida Hern\u00e1ndez, ha jugado un papel importante en la asesor\u00eda a los integrantes de la Asociaci\u00f3n de Campesinos de Buenos Aires ASOCAB, comunidad desplazada por estructuras paramilitares, el cual ha beneficiado a empresas palmeras en el Sur de Bol\u00edvar, reclamando para ello las garant\u00edas necesarias para el retorno a la Hacienda las Pavas.<\/p>\n<p>Zoraida Hern\u00e1ndez, es a su vez, vocera del Movimiento Nacional de Victimas de Cr\u00edmenes de Estado desde donde ha dado diversas entrevistas a medios de comunicaci\u00f3n respecto a la ley de v\u00edctimas y restituci\u00f3n de tierras y recientemente sobre los privilegios a miembros de la Fuerza P\u00fablica \u201cdetenidos\u201d en guarniciones militares.<\/p>\n<p>El d\u00eda 4 de abril de 2011, Zoraida Hern\u00e1ndez fue una de las voceras de la Coordinaci\u00f3n Colombia Europa Estados Unidos, en el desarrollo de la Mesa Nacional de Garant\u00edas, sobre situaci\u00f3n de defensores, defensoras, victimas y organizaciones que reclaman sus derechos a la tierra, los territorios y la restituci\u00f3n, presidida por el Ministro del Interior y de Justicia y con presencia de diversas autoridades y comunidad internacional.<\/p>\n<p><strong>SOLICITUDES<\/strong><\/p>\n<p>Dado el inminente riesgo para la vida e integridad personal de la abogada defensora de derechos humanos Zoraida Hern\u00e1ndez, solicitamos dirigirse a las autoridades de Colombia a fin de que se les exija:<\/p>\n<p> a)\u00a0\u00a0\u00a0\u00a0\u00a0 Se adopten especiales medidas de protecci\u00f3n (pol\u00edticas y materiales), de com\u00fan acuerdo con los beneficiarios, para garantizar los derechos a la vida, integridad y a la libertad de ZORIDA HERNANDEZ PEDRAZA, su n\u00facleo familiar y los dem\u00e1s integrantes de la Corporaci\u00f3n Sembrar.<\/p>\n<p> b)\u00a0\u00a0\u00a0\u00a0\u00a0 Se informe por qu\u00e9 raz\u00f3n el Gobierno de Colombia ha omitido durante m\u00e1s de treinta (30) d\u00edas, cumplir con los acuerdos de celebrar reuniones de alto nivel, para la adopci\u00f3n de medidas pol\u00edticas.<\/p>\n<p> c)\u00a0\u00a0\u00a0\u00a0\u00a0 A los organismos de control y judiciales, que realicen las investigaciones necesarias con el fin de determinar los responsables de los actos de persecuci\u00f3n y hostigamiento relatados en esta acci\u00f3n urgente y sean sancionados ejemplarmente.<\/p>\n<p>Bogot\u00e1, 18 de abril de 2011<\/p>\n<p>Suscriben,<\/p>\n<p>Corporaci\u00f3n Sembrar<br \/>Asociaci\u00f3n Nomadesc<br \/>Fedeagromisbol<br \/>Red de Hermandad\u00a0\u00a0 y Solidaridad- Colombia<br \/>Fundaci\u00f3n Comit\u00e9 de Solidaridad con los Presos Pol\u00edticos<br \/><a href=\"http:\/\/www.corporacionsembrar.org\/?q=node\/90\"><br \/>http:\/\/www.corporacionsembrar.org\/?q=node\/90<\/a><\/p>\n","protected":false},"excerpt":{"rendered":"<p>Las organizaciones abajo firmantes, nos dirigimos de manera apremiante a los organismos intergubernamentales de derechos humanos, organizaciones internacionales y la opini\u00f3n p\u00fablica en general, a efectos de informar sobre la situaci\u00f3n de [&hellip;]<\/p>\n","protected":false},"author":2,"featured_media":0,"comment_status":"open","ping_status":"open","sticky":false,"template":"","format":"standard","meta":[],"categories":[61],"tags":[],"_links":{"self":[{"href":"https:\/\/tejidohistorico.afrodescendientes.com\/index.php\/wp-json\/wp\/v2\/posts\/1715"}],"collection":[{"href":"https:\/\/tejidohistorico.afrodescendientes.com\/index.php\/wp-json\/wp\/v2\/posts"}],"about":[{"href":"https:\/\/tejidohistorico.afrodescendientes.com\/index.php\/wp-json\/wp\/v2\/types\/post"}],"author":[{"embeddable":true,"href":"https:\/\/tejidohistorico.afrodescendientes.com\/index.php\/wp-json\/wp\/v2\/users\/2"}],"replies":[{"embeddable":true,"href":"https:\/\/tejidohistorico.afrodescendientes.com\/index.php\/wp-json\/wp\/v2\/comments?post=1715"}],"version-history":[{"count":0,"href":"https:\/\/tejidohistorico.afrodescendientes.com\/index.php\/wp-json\/wp\/v2\/posts\/1715\/revisions"}],"wp:attachment":[{"href":"https:\/\/tejidohistorico.afrodescendientes.com\/index.php\/wp-json\/wp\/v2\/media?parent=1715"}],"wp:term":[{"taxonomy":"category","embeddable":true,"href":"https:\/\/tejidohistorico.afrodescendientes.com\/index.php\/wp-json\/wp\/v2\/categories?post=1715"},{"taxonomy":"post_tag","embeddable":true,"href":"https:\/\/tejidohistorico.afrodescendientes.com\/index.php\/wp-json\/wp\/v2\/tags?post=1715"}],"curies":[{"name":"wp","href":"https:\/\/api.w.org\/{rel}","templated":true}]}}