{"id":1716,"date":"2011-04-19T00:27:15","date_gmt":"2011-04-19T00:27:15","guid":{"rendered":"http:\/\/www2.nasaacin.org\/index.php\/2011\/04\/19\/cauca-el-invierno-afecta-a-la-comunidad-de-corinto\/"},"modified":"2011-04-19T00:27:15","modified_gmt":"2011-04-19T00:27:15","slug":"cauca-el-invierno-afecta-a-la-comunidad-de-corinto","status":"publish","type":"post","link":"https:\/\/tejidohistorico.afrodescendientes.com\/index.php\/2011\/04\/19\/cauca-el-invierno-afecta-a-la-comunidad-de-corinto\/","title":{"rendered":"Cauca: El invierno afecta a la comunidad de Corinto"},"content":{"rendered":"<p>Durante la madrugada del d\u00eda Martes 12 de Abril de 2011 se present\u00f3 un fuerte aguacero sobre sobre la zona que incrementaron los caudales de los r\u00edos y quebradas, principalmente del rio Rio Negro, que alcanz\u00f3 niveles cercanos hasta los 4 metros aproximadamente sobre sus caudal.<\/p>\n","protected":false},"excerpt":{"rendered":"<p>Durante la madrugada del d\u00eda Martes 12 de Abril de 2011 se present\u00f3 un fuerte aguacero sobre sobre la zona que incrementaron los caudales de los r\u00edos y quebradas, principalmente del rio [&hellip;]<\/p>\n","protected":false},"author":2,"featured_media":0,"comment_status":"open","ping_status":"open","sticky":false,"template":"","format":"standard","meta":[],"categories":[61],"tags":[],"_links":{"self":[{"href":"https:\/\/tejidohistorico.afrodescendientes.com\/index.php\/wp-json\/wp\/v2\/posts\/1716"}],"collection":[{"href":"https:\/\/tejidohistorico.afrodescendientes.com\/index.php\/wp-json\/wp\/v2\/posts"}],"about":[{"href":"https:\/\/tejidohistorico.afrodescendientes.com\/index.php\/wp-json\/wp\/v2\/types\/post"}],"author":[{"embeddable":true,"href":"https:\/\/tejidohistorico.afrodescendientes.com\/index.php\/wp-json\/wp\/v2\/users\/2"}],"replies":[{"embeddable":true,"href":"https:\/\/tejidohistorico.afrodescendientes.com\/index.php\/wp-json\/wp\/v2\/comments?post=1716"}],"version-history":[{"count":0,"href":"https:\/\/tejidohistorico.afrodescendientes.com\/index.php\/wp-json\/wp\/v2\/posts\/1716\/revisions"}],"wp:attachment":[{"href":"https:\/\/tejidohistorico.afrodescendientes.com\/index.php\/wp-json\/wp\/v2\/media?parent=1716"}],"wp:term":[{"taxonomy":"category","embeddable":true,"href":"https:\/\/tejidohistorico.afrodescendientes.com\/index.php\/wp-json\/wp\/v2\/categories?post=1716"},{"taxonomy":"post_tag","embeddable":true,"href":"https:\/\/tejidohistorico.afrodescendientes.com\/index.php\/wp-json\/wp\/v2\/tags?post=1716"}],"curies":[{"name":"wp","href":"https:\/\/api.w.org\/{rel}","templated":true}]}}