{"id":1734,"date":"2011-04-21T16:54:32","date_gmt":"2011-04-21T16:54:32","guid":{"rendered":"http:\/\/www2.nasaacin.org\/index.php\/2011\/04\/21\/qla-guerra-contra-el-indioq-aun-es-politica-de-estado-en-argentina\/"},"modified":"2011-04-21T16:54:32","modified_gmt":"2011-04-21T16:54:32","slug":"qla-guerra-contra-el-indioq-aun-es-politica-de-estado-en-argentina","status":"publish","type":"post","link":"https:\/\/tejidohistorico.afrodescendientes.com\/index.php\/2011\/04\/21\/qla-guerra-contra-el-indioq-aun-es-politica-de-estado-en-argentina\/","title":{"rendered":"&#8220;La Guerra contra el Indio&#8221; a\u00fan es pol\u00edtica de estado en Argentina"},"content":{"rendered":"<p>Que el indio deje de ser indio, sino matarlo, que el sabio se embrutezca con lo que para el extranjero significa conocimientos o inexistirlo hasta negarle el DNI, la salud, el agua, la tierra, el monte, la vida. Como en tiempos de Alsina, Roca y Sarmiento, como lo planearon y se sigue haciendo cumplir y no tenemos porqu\u00e9 aceptarlo ni soportarlo m\u00e1s.<\/p>\n<p>  <!--more-->  <\/p>\n<p>Buenos Aires 9 de abril de 2011 &#8211; Hoy hace 4 meses que los miembros de la Comunidad Qom La Primavera, de Formosa, acompa\u00f1ados por miembros de otras Comunidades de la provincia, en apoyo, acampan en Buenos Aires, en Avenida de Julio y Avenida de Mayo. <\/p>\n<p>En reclamo de la devoluci\u00f3n de sus tierras usurpadas por criollos, el estado nacional a trav\u00e9s de Parques nacionales, y el estado provincial a trav\u00e9s de la Universidad Nacional de Formosa. La verg\u00fcenza nacional en materia educativa que pretende crecer sobre la base de una injusticia, peor que lo de la entrega de dinero por parte de las mineras que varias unidades acad\u00e9micas han tenido la sabidur\u00eda de rechazar y de la que en la Universidad de Formosa por un caso peor, no aprende. Y todos los ciudadanos del pa\u00eds aceptando que se mantenga la planificaci\u00f3n del pa\u00eds sobre la base del despojo hacia las comunidades que son reconocidas por la propia constituci\u00f3n como preexistentes, sin encontrar consecuencia en las pol\u00edticas de estado, ni en la aplicaci\u00f3n de leyes al respeto.<\/p>\n<p>En reclamo de ser tenidos en cuenta por el estado nacional como seres humanos y sujetos de derechos, hasta el momento les siguen negando el acceso a los DNI, los que fueron quemados en la represi\u00f3n del 23 de noviembre y los que nunca les otorgaron desde el nacimiento, a pesar de en muchos casos haber pagado varias veces por el tr\u00e1mite. A pesar de haber tenido que viajar muchos miembros de la comunidad con la esperanza de poder tramitarlos en Buenos Aires, donde llevan meses esperando por eso, as\u00ed como por la devoluci\u00f3n de sus tierra.<\/p>\n<p>En reclamo de acceso al agua, est\u00e1n sobre el acu\u00edfero guaran\u00ed, pero deben juntar agua de lluvia o caminar kil\u00f3metros hasta los esteros para abastecerse, cuando teniendo las herramientas podr\u00edan hacer en d\u00edas pozos para la extracci\u00f3n, que a mano les lleva a\u00f1os.<\/p>\n<p>En reclamo de ser tratados como seres humanos a la hora de la atenci\u00f3n m\u00e9dica, y con respeto por su sabidur\u00eda milenaria, que es la base de la mayor\u00eda de los medicamentos con los que hoy los laboratorios hacen fortunas y millones de personas pueden tratarse en todo el mundo, menos ellos, a quienes se los despoja del monte, que es su supermercado y farmacia.<\/p>\n<p>En reclamo de justicia por los asesinatos de Roberto y Mario L\u00f3pez, y las violaciones a sus derechos, llevadas a cabo por usurpadores civiles de sus tierras el 23 de noviembre y efectivos de la polic\u00eda provincial. Pr\u00e1ctica que se extiende por todo el pa\u00eds, donde los civiles son armados para atacar a los ind\u00edgenas, lo que no requiere orden ni involucra al estado a la hora de establecer responsabilidades. Aunque la sistematicidad con que esta pr\u00e1ctica se produce y se permite, supone el respaldo de los Gobiernos por permitir que ocurra, as\u00ed como la garant\u00eda de impunidad a los atacantes.<\/p>\n<p>En reclamo del reconocimiento y respeto de la cultura, el idioma, la sabidur\u00eda, la espiritualidad ind\u00edgena, que se mantiene viva y es necesario que se sume e integre a todos los aspectos de las instituciones, las planificaciones y la vida cotidiana de los argentinos que carecemos de indentidad cierta con una nacionalidad construida sobre la negaci\u00f3n, el exterminio, la discriminaci\u00f3n y el despojo.<\/p>\n<p>En reclamo de seguridad por su integridad f\u00edsica, por las persecusiones y amenazas que padecen.<\/p>\n<p>En reclamo de justicia, reconocimiento y cese del exterminio que comenz\u00f3 con la colonizaci\u00f3n, y se profundiz\u00f3, siendo la base de la planificaci\u00f3n territorial del estado, que hoy contin\u00faa.<\/p>\n<p>La estrategia de Alsina, de \u201cla guerra contra el indio\u201d (que lamentablemente no ha dejado de darse, sino que se profundiza, seg\u00fan vemos en los hechos de cada d\u00eda contra los abor\u00edgenes) de no matarlos directamente, sino antes tratar que dejen de ser indios, priv\u00e1ndolos de las fuentes de agua y abastecimiento para su vida con la tierra, para que tuvieran que entregarse mansos a rogar por provisiones al ej\u00e9rcito, a cambio de ser transformados en \u00fatiles contra s\u00ed mismos, contra la vida, contra la especie: en peones y soldados de los usurpadores de la riqueza y experiencia en esta tierra que hasta hoy nos siguen queriendo impedir, y que debi\u00e9ramos estar orgullosos que a pesar de eso sobreviva, homenajeando a sus portadores, a quienes resistieron y son ejemplo, y ya no permitir eso m\u00e1s, empezar a aprender lo que es saber, que no es aquello que un pu\u00f1ado de ignorantes dictaminaron que es educaci\u00f3n, extranjeriz\u00e1ndonos y extra\u00f1andonos de nosotros mismos como seres vivos, naturales, con los pies sobre esta tierra, equilibrados, iguales y capaces. Roca ampli\u00f3 la estrategia, como supuesto progreso en lo que planificaron como naci\u00f3n argentina, por lo que no se present\u00f3 como previ\u00f3 el Ministro, lo que esperaba como entrega pac\u00edfica se transform\u00f3 en malones y saqueos, un verdaderos ejemplo de dignidad, lucha y resistencia por parte de los nativos; yendo directamente a exterminarlos para \u201climpiar\u201d el territorio y sentar las bases de la extranjerizaci\u00f3n actual del territorio, la ignorancia de la poblaci\u00f3n de un pa\u00eds sin historia e identidad cierta, que aunque se niegue est\u00e1 viva, cuya represi\u00f3n solo se traduce en malestar y violencia, que se sigue conduciendo dentro del plan de la destrucci\u00f3n del hombre por el hombre, un verdadero suicidio de la especie, del que es signo la contaminaci\u00f3n, las muertes evitables, que en Argentina ascienden a las de 25 personas cada d\u00eda.<\/p>\n<p>Y una negaci\u00f3n a la humanidad toda, de acceder a los principios de historia y conocimiento contenidos en los idiomas y herencia de los perseguidos, que no puede saber c\u00f3mo conducirse ante el futuro sin la experiencia que se mantiene y demanda salir a luz por sus propios herederos y guardianes, sin m\u00e1s terceros que los expropien para privar al ind\u00edgena de los beneficios de sus conocimientos. As\u00ed como crece la demanda de una conciencia que reconoce la producci\u00f3n org\u00e1nica, la medicina natural, el aprecio, la convivencia respetuosa del lugar donde desarrollamos la vida, la tierra. Que rescata la integralidad del ser humano, sus posibilidades y capacidades por un transcurrir m\u00e1s arm\u00f3nico con el medio por como es, sin el cual no podemos ser. Mucho tiempo hace que la tierra viene siendo explotada, desmontada, agredida, con la excusa de terminar con un hambre y necesidades insatisfechas, que a expensas de eso crece.<\/p>\n<p>\u00a0<\/p>\n<p><strong>Comunidad Qom La Primavera <\/strong><br \/><a href=\"http:\/\/argentina-socialista.blogspot.com\/2011\/04\/la-guerra-contra-el-indio-aun-es.html\">Comunidad Qom La Primavera http:\/\/argentina-socialista.blogspot.com\/2011\/04\/la-guerra-contra-el-indio-aun-es.html<\/a><\/p>\n","protected":false},"excerpt":{"rendered":"<p>Que el indio deje de ser indio, sino matarlo, que el sabio se embrutezca con lo que para el extranjero significa conocimientos o inexistirlo hasta negarle el DNI, la salud, el agua, [&hellip;]<\/p>\n","protected":false},"author":2,"featured_media":0,"comment_status":"open","ping_status":"open","sticky":false,"template":"","format":"standard","meta":[],"categories":[75],"tags":[],"_links":{"self":[{"href":"https:\/\/tejidohistorico.afrodescendientes.com\/index.php\/wp-json\/wp\/v2\/posts\/1734"}],"collection":[{"href":"https:\/\/tejidohistorico.afrodescendientes.com\/index.php\/wp-json\/wp\/v2\/posts"}],"about":[{"href":"https:\/\/tejidohistorico.afrodescendientes.com\/index.php\/wp-json\/wp\/v2\/types\/post"}],"author":[{"embeddable":true,"href":"https:\/\/tejidohistorico.afrodescendientes.com\/index.php\/wp-json\/wp\/v2\/users\/2"}],"replies":[{"embeddable":true,"href":"https:\/\/tejidohistorico.afrodescendientes.com\/index.php\/wp-json\/wp\/v2\/comments?post=1734"}],"version-history":[{"count":0,"href":"https:\/\/tejidohistorico.afrodescendientes.com\/index.php\/wp-json\/wp\/v2\/posts\/1734\/revisions"}],"wp:attachment":[{"href":"https:\/\/tejidohistorico.afrodescendientes.com\/index.php\/wp-json\/wp\/v2\/media?parent=1734"}],"wp:term":[{"taxonomy":"category","embeddable":true,"href":"https:\/\/tejidohistorico.afrodescendientes.com\/index.php\/wp-json\/wp\/v2\/categories?post=1734"},{"taxonomy":"post_tag","embeddable":true,"href":"https:\/\/tejidohistorico.afrodescendientes.com\/index.php\/wp-json\/wp\/v2\/tags?post=1734"}],"curies":[{"name":"wp","href":"https:\/\/api.w.org\/{rel}","templated":true}]}}