{"id":1737,"date":"2011-04-22T20:05:56","date_gmt":"2011-04-22T20:05:56","guid":{"rendered":"http:\/\/www2.nasaacin.org\/index.php\/2011\/04\/22\/tala-selectiva-en-la-selva-de-bahia-solano\/"},"modified":"2011-04-22T20:05:56","modified_gmt":"2011-04-22T20:05:56","slug":"tala-selectiva-en-la-selva-de-bahia-solano","status":"publish","type":"post","link":"https:\/\/tejidohistorico.afrodescendientes.com\/index.php\/2011\/04\/22\/tala-selectiva-en-la-selva-de-bahia-solano\/","title":{"rendered":"Choc\u00f3: Tala selectiva en la selva de Bah\u00eda Solano"},"content":{"rendered":"<\/p>\n<p>Ingresos para las comunidades y el empleo son un atractivo del proyecto Delfines-REM. Expertos creen que impactar\u00e1 la selva y especies de fauna y flora. El parque Utr\u00eda sufre presi\u00f3n. Se extraer\u00e1n m\u00e1s de 300.000 \u00e1rboles.<\/p>\n<p>\u00a0<\/p>\n<p>  <!--more-->  <\/p>\n<p>\u00a0<\/p>\n<p>Cinco horas de camino selva adentro revelan en Mecana, Bah\u00eda Solano, un mundo de animales y plantas en estrecha relaci\u00f3n.<\/p>\n<p>EL COLOMBIANO document\u00f3 presencia de peque\u00f1as ranas venenosas, muy afectadas por el cambio clim\u00e1tico y tan sensibles a la variaci\u00f3n de la temperatura y de su microh\u00e1bitat que en Bah\u00eda se les halla cada vez a mayor altura.<\/p>\n<p>Esto entre un sinn\u00famero de plantas asociadas a las especies arb\u00f3reas, insectos y mam\u00edferos como felinos.<\/p>\n<p>En una selva poco estudiada se adelanta la explotaci\u00f3n forestal selectiva del proyecto Los Delfines-REM-Prima Colombia Hardwood.<\/p>\n<p>En el informe de ayer se describi\u00f3 c\u00f3mo lleg\u00f3 la firma al norte del Pac\u00edfico y c\u00f3mo tiene la posibilidad de ampliar sus proyectos forestales a 800.000 hect\u00e1reas.<\/p>\n<p>El aprovechamiento en Bah\u00eda es selectivo. Se extraer\u00e1n 70 metros c\u00fabicos por hect\u00e1rea, entre 6 y 9 \u00e1rboles en uno de los sitios de mayor diversidad biol\u00f3gica de la Tierra, parte del Pac\u00edfico Biogeogr\u00e1fico, cuyos recursos bi\u00f3ticos no han sido estudiados a\u00fan.<\/p>\n<p>&#8220;La t\u00e9cnica es de bajo impacto. La tendencia en este pa\u00eds y otros que tienen bosque natural es a utilizarlo, no solamente como una fuente de madera sino tambi\u00e9n como una fuente de productos alternativos. La madera es s\u00f3lo uno de los productos del bosque; los \u00e1rboles sufren un proceso natural y llegan a un estado de madurez. Un bosque normal funcionando sacrifica \u00e1rboles para crear la teor\u00eda de los claros, un proceso de rejuvenecimiento en donde aparecen otras especies, frutos para aves, para mam\u00edferos y es m\u00e1s o menos simular a trav\u00e9s de esa t\u00e9cnica con la tala de un n\u00famero de \u00e1rboles muy bajo de especies muy particulares, hacer que el bosque tenga una nueva din\u00e1mica&#8221;, explic\u00f3 Carlos Llanos, jefe de operaciones forestales del proyecto.<\/p>\n<p>Liliana D\u00e1valos, bi\u00f3loga colombiana en la universidad Stony Brook en Estados Unidos, reconoci\u00f3 que esa tala causa menor impacto bien llevada. &#8220;Sin embargo es mayor a cero, pues habr\u00e1 cambios de estructura, especies asociadas y posiblemente sobre la especie colectada&#8221;. Y si bien dijo que esto es especulaci\u00f3n (no conoce en detalle el proyecto) &#8220;la mejor opci\u00f3n habr\u00eda sido monitorear durante algunos a\u00f1os los riesgos directamente&#8221;.<\/p>\n<p>Un da\u00f1o serio en estas explotaciones, seg\u00fan D\u00e1valos, se produce por la construcci\u00f3n de v\u00edas. A REM, Codechoc\u00f3 le abri\u00f3 proceso por una v\u00eda de 500 metros no autorizada.<\/p>\n<p>En Bah\u00eda se habla ya de una posible carretera de Bah\u00eda hasta Huaca y posiblemente Nabug\u00e1, al norte.<\/p>\n<p>Sobre la tala selectiva hay posiciones encontradas. Un estudio en Internacional Forestry Review indica que el da\u00f1o depende no s\u00f3lo de las t\u00e9cnicas sino de la intensidad. En \u00c1frica es de bajo impacto porque no excede 2 \u00e1rboles por hect\u00e1rea, pero en el Sudeste de Asia son 9, lo que implica un da\u00f1o que puede afectar la mitad de la selva en pie.<\/p>\n<p>Yam Ramos, bi\u00f3logo en Quibd\u00f3, cont\u00f3 que en Las Mercedes y La Molana encontraron en zonas de tala selectiva un bosque conformado ahora por individuos peque\u00f1os o medianos. Ello sin contar el posible da\u00f1o sobre la fauna asociada informado por el Grupo de Fauna Silvestre de la Universidad Tecnol\u00f3gica del Choc\u00f3 sobre &#8220;poblaciones de primates, puercos de monte, osos perezosos, guaguas entre otros&#8221;.<\/p>\n<p>Lincoln Moya, gu\u00eda en el parque Nacional Natural de Utr\u00eda, que limita con Bah\u00eda Solano, relat\u00f3 que la comunidad ind\u00edgena de Boroboro reporta guacamayos aliment\u00e1ndose de chontaduro, ante la escasez de la semilla de choib\u00e1 (uno de los \u00e1rboles que se talan en la regi\u00f3n).<\/p>\n<p>Llanos reconoci\u00f3 que aunque se instruye a las cuadrillas que realizan el inventario para que no maten las serpientes, ha sido dif\u00edcil por el miedo que les generan.<\/p>\n<p>Los planes de manejo en el pa\u00eds no incluyen estudios profundos sobre el impacto en la fauna y flora asociadas.<\/p>\n<p>Codechoc\u00f3 acaba de negar licencia para explotar 10.000 metros c\u00fabicos al Consejo Comunitario del R\u00edo Valle, vecino de Utr\u00eda, por ser zona de amortiguaci\u00f3n. No es usual que una comunidad solicite un permiso tan alto.<\/p>\n<p>&#8220;El proyecto de REM acrecentar\u00e1 la presi\u00f3n sobre el Parque&#8221;, asegur\u00f3 Moya.<\/p>\n<p>Enrique Reyes, hotelero, est\u00e1 preocupado por los efectos sobre el turismo. Mecana es uno de los destinos tur\u00edsticos. All\u00ed existe un Jard\u00edn Bot\u00e1nico. &#8220;\u00bfSe imagina el ruido de los helic\u00f3pteros volando todo el tiempo? \u00bfA qui\u00e9n le va a gustar eso? \u00bfQu\u00e9 va a pasar con los animales?&#8221;.<\/p>\n<p>Bah\u00eda Solano es un municipio de 1.667 kil\u00f3metros cuadrados con unos 12.000 habitantes dispersos en la cabecera y cinco corregimientos, quienes viven de la pesca, los cultivos de pancoger y el turismo. S\u00f3lo se alcanza por v\u00eda a\u00e9rea o mar\u00edtima. Es una regi\u00f3n a\u00fan selv\u00e1tica, aunque en casi toda la l\u00ednea de costa ha perdido bosque por la tala ilegal.<\/p>\n<p>Migdonio Lozano, funcionario de Codechoc\u00f3 en la zona, lo niega. Los dem\u00e1s lo contradicen. &#8220;Todas las semanas pasan dos barcos (con madera)&#8221;, indic\u00f3 Timo Seppanen, presidente de REM. Para \u00e9l, como para Los Delfines, es uno de los beneficios: extraer madera legal que dejar\u00e1 recursos a las comunidades. La ilegal beneficia pocos.<\/p>\n<p>Durante los d\u00edas de la visita a Bah\u00eda, en el muelle permaneci\u00f3 Renacer del Pac\u00edfico, barco que recorre el litoral. \u00bfA d\u00f3nde va? &#8220;Sigue a Cupica por unas tablas&#8221;, expres\u00f3 el conductor de uno de los camiones que recib\u00eda la mercanc\u00eda tra\u00edda de Buenaventura.<\/p>\n<p>&#8220;Como alternativa de cambio de vida, creemos que la empresa, si hace las cosas como se est\u00e1n direccionando, con la responsabilidad que tenemos prevista, es una alternativa positiva para las comunidades&#8221;, aclar\u00f3 Isaac Lozano, de Los Delfines.<\/p>\n<p>El abandono es uno de los motivantes que aprovech\u00f3 el proyecto. &#8220;La gente tiene derecho a progresar, que el hijo vaya a la universidad. Yo soy pescador y quiero que mi hijo sea algo distinto&#8221;, expuso Miguel Barco, l\u00edder y comerciante en El Valle, corregimiento a 18 kil\u00f3metros de Bah\u00eda. &#8220;El Estado no piensa en Choc\u00f3&#8221;.<\/p>\n<p>Para Albeiro Acevedo, un lugare\u00f1o, si las cosas se hacen bien esta ser\u00eda una salida, aunque estima que ser\u00eda mejor preservar la selva.<\/p>\n<p>El empleo con sueldo b\u00e1sico de 850.000 pesos para trocheros y el m\u00ednimo para las cocineras, por ejemplo, lo se\u00f1ala Lozano como uno de los beneficios que reciben ya. Cuando est\u00e9 en plena operaci\u00f3n, se generar\u00edan hasta 200 empleos directos. La electrificaci\u00f3n del caser\u00edo de Huaca, que alimenta al campamento, es vista como un regalo.<\/p>\n<p>Prima apoya comunidades, dice un comunicado de la empresa, mediante la Iniciativa de Crecimiento Sostenible Clinton-Giustra.<\/p>\n<p>El millonario canadiense Frank Giustra, aliado de Bill Clinton, es vinculado por informes period\u00edsticos a Prima. El medio online primerapagina.com cita que \u00e9l o sus allegados est\u00e1n en empresas como Pacific Rubiales Energy y Medoro Resources Ltd, ambas en Colombia.<\/p>\n<p>Los Delfines recibir\u00e1 10 d\u00f3lares por metro c\u00fabico, que se pagar\u00e1n una vez se venda. En el futuro ser\u00e1n 20. Las maderas tropicales duras son apetecidas en el mercado mundial. Un muestrario del programa Colombianwoodcie en Nari\u00f1o, reporta precios de 866 euros para la choib\u00e1, 763 chanul y 671 el sande, que se extraer\u00e1n en Bah\u00eda Solano.<\/p>\n<p>Cada comunidad, explic\u00f3 Jhuver Gonz\u00e1lez, presidente de Los Delfines, &#8220;determinar\u00e1 (el destino de los recursos) seg\u00fan sus necesidades, como ayudar en mejoramiento de vivienda, acueductos, salud, educaci\u00f3n&#8221;.<\/p>\n<p>Un bolet\u00edn de Prima en septiembre pasado, expresaba que REM Internacional Cisa ser\u00e1 uno de los primeros en recolectar y exportar en lo que la Organizaci\u00f3n Internacional de Maderas Tropicales denomina &#8220;uno de los m\u00e1s grandes suministros de madera dura del planeta a\u00fan no tocados&#8221;.<\/p>\n<p>Prima busca la certificaci\u00f3n de la madera ante el Forest Stewardship Council, proceso que puede tardar de 6 meses a 2 a\u00f1os, explic\u00f3 Kelly Williams, vicepresidente Forestal de Prima Colombia.<\/p>\n<p>&#8220;El mundo no sabe ahora que Colombia tiene madera legal&#8221;, dijo Timo.<\/p>\n<p>&#8220;\u00bfPor qu\u00e9 no acaban primero sus bosques?&#8221;, se pregunt\u00f3 enfadado Joaqu\u00edn Lozano, turista espa\u00f1ol experto en bot\u00e1nica, que vino a conocer la selva y su gran pasi\u00f3n: los anfibios. &#8220;Porque all\u00ed est\u00e1 prohibido&#8221;, se responde mientras conversa con sus compa\u00f1eros en uno de los hoteles.<\/p>\n<p>Los procesos por la tala inicial se mantienen. Los cr\u00edticos siguen preocupados por m\u00e1s de 300.000 \u00e1rboles que se extraer\u00e1n en una operaci\u00f3n que significa la apertura selectiva de la selva colombiana para un mundo industrializado que persigue maderas, buenas maderas.<\/p>\n<p>La bandera de Canad\u00e1 ondea en la playa de Huaca. La avanzada extranjera, por el dorado de la madera que guarda la selva virgen colombiana, desembarc\u00f3.<\/p>\n<p><strong>\u00bb Contexto<\/strong><\/p>\n<h3>Lo que dice un experto desde la academia<\/h3>\n<p>Jorge Ignacio del Valle Arango, profesor de la Universidad Nacional, es uno de los cient\u00edficos que m\u00e1s conoce el bosque colombiano y muchos de sus productos. Para \u00e9l, &#8220;este tipo de extracci\u00f3n selectiva es perjudicial para las selvas por muchas razones&#8221;.<\/p>\n<p>En un detallado escrito en el que expone las razones (encu\u00e9ntrelo completo en www.elcolombiano.com.co ) del Valle Arango concluye que &#8220;en el manejo sostenible de los bosques el aprovechamiento es solo una de las m\u00faltiples actividades que se deben cumplir. Si las otras no se cumplen no se puede llamar aprovechamiento sino simplemente explotaci\u00f3n, y no solo del bosque&#8221;.<\/p>\n<p>Esas otras actividades son: muestreo diagn\u00f3stico de la regeneraci\u00f3n natural, tratamientos a la regeneraci\u00f3n, plantaciones de inoculaci\u00f3n, medici\u00f3n de la respuesta de las diversas especies (no solo las comerciales) a las intervenciones a que se someter\u00e1 el bosque en parcelas permanentes, estudios de impacto ambiental y social serios, medidas de mitigaci\u00f3n para los efectos negativos producidos a la fauna silvestre pero tambi\u00e9n al hombre, estudios de vulnerabilidad de las especies de plantas y animales raros o sensibles a las intervenciones antr\u00f3picas.<\/p>\n<p>&#8220;En fin, cortar \u00e1rboles solamente no es ni silvicultura, ni es manejo sostenible; es simplemente hacer miner\u00eda de los bosques pues estos como los minerales no se regenerar\u00e1n&#8221;.<\/p>\n<p><strong><a class=\"enlaceAutor\" href=\"http:\/\/www.elcolombiano.com\/EnviarEmailAutor2.asp?email=ramirove@elcolombiano.com.co\">Ramiro Vel\u00e1squez G\u00f3mez<\/a><\/strong> | Medell\u00edn | <span>Publicado el 21 de marzo  de 2011<\/span><\/p>\n<p><span><a href=\"http:\/\/www.elcolombiano.com\/BancoConocimiento\/T\/tala_selectiva_en_la_selva_de_bahia_solano\/tala_selectiva_en_la_selva_de_bahia_solano.asp\">http:\/\/www.elcolombiano.com\/BancoConocimiento\/T\/tala_selectiva_en_la_selva_de_bahia_solano\/tala_selectiva_en_la_selva_de_bahia_solano.asp<\/a><br \/><\/span><\/p>\n","protected":false},"excerpt":{"rendered":"<p>Ingresos para las comunidades y el empleo son un atractivo del proyecto Delfines-REM. Expertos creen que impactar\u00e1 la selva y especies de fauna y flora. El parque Utr\u00eda sufre presi\u00f3n. Se extraer\u00e1n [&hellip;]<\/p>\n","protected":false},"author":2,"featured_media":0,"comment_status":"open","ping_status":"open","sticky":false,"template":"","format":"standard","meta":[],"categories":[75],"tags":[],"_links":{"self":[{"href":"https:\/\/tejidohistorico.afrodescendientes.com\/index.php\/wp-json\/wp\/v2\/posts\/1737"}],"collection":[{"href":"https:\/\/tejidohistorico.afrodescendientes.com\/index.php\/wp-json\/wp\/v2\/posts"}],"about":[{"href":"https:\/\/tejidohistorico.afrodescendientes.com\/index.php\/wp-json\/wp\/v2\/types\/post"}],"author":[{"embeddable":true,"href":"https:\/\/tejidohistorico.afrodescendientes.com\/index.php\/wp-json\/wp\/v2\/users\/2"}],"replies":[{"embeddable":true,"href":"https:\/\/tejidohistorico.afrodescendientes.com\/index.php\/wp-json\/wp\/v2\/comments?post=1737"}],"version-history":[{"count":0,"href":"https:\/\/tejidohistorico.afrodescendientes.com\/index.php\/wp-json\/wp\/v2\/posts\/1737\/revisions"}],"wp:attachment":[{"href":"https:\/\/tejidohistorico.afrodescendientes.com\/index.php\/wp-json\/wp\/v2\/media?parent=1737"}],"wp:term":[{"taxonomy":"category","embeddable":true,"href":"https:\/\/tejidohistorico.afrodescendientes.com\/index.php\/wp-json\/wp\/v2\/categories?post=1737"},{"taxonomy":"post_tag","embeddable":true,"href":"https:\/\/tejidohistorico.afrodescendientes.com\/index.php\/wp-json\/wp\/v2\/tags?post=1737"}],"curies":[{"name":"wp","href":"https:\/\/api.w.org\/{rel}","templated":true}]}}