{"id":1746,"date":"2011-04-26T17:35:40","date_gmt":"2011-04-26T17:35:40","guid":{"rendered":"http:\/\/www2.nasaacin.org\/index.php\/2011\/04\/26\/comunicado-de-la-comarca-kuna-yala\/"},"modified":"2011-04-26T17:35:40","modified_gmt":"2011-04-26T17:35:40","slug":"comunicado-de-la-comarca-kuna-yala","status":"publish","type":"post","link":"https:\/\/tejidohistorico.afrodescendientes.com\/index.php\/2011\/04\/26\/comunicado-de-la-comarca-kuna-yala\/","title":{"rendered":"Comunicado de la Comarca Kuna Yala"},"content":{"rendered":"<p \/>El pasado, 7 de abril del a\u00f1o en curso la comunidad de Mirya Ubgigandub fue testigo de uno de los incidentes que nos ha indignado donde la Personera Comarcal Dayka Guerrero en compa\u00f1\u00eda de un grupo de 19 unidades del Servicio Nacional de Fronteras (SENAFRONT) abusando de su fuerza irrumpi\u00f3 en la isla creando incertidumbre.  <!--more-->  <\/p>\n<h3>CONGRESO GENERAL DE LA CULTURA KUNA<\/h3>\n<h3>COMARCA KUNA YALA<\/h3>\n<p><strong>A LA OPINI\u00d3N P\u00daBLICA NACIONAL E INTERNACIONAL<\/strong><\/p>\n<p>Nosotros, los Sagladummagan (caciques) Saglagan (autoridades locales), Argargan (voceros tradicionales) entre otros Gu\u00edas espirituales de las 47 comunidades reunidos en el Congreso de la Cultura en la comunidad de Nusadub, Kuna Yala, queremos hacer p\u00fablica nuestra indignaci\u00f3n sobre los \u00faltimos acontecimientos en nuestro territorio.<\/p>\n<p>El pasado, 7 de abril del a\u00f1o en curso la comunidad de Mirya Ubgigandub fue testigo de uno de los incidentes que nos ha indignado donde la Personera Comarcal Dayka Guerrero en compa\u00f1\u00eda de un grupo de 19 unidades del Servicio Nacional de Fronteras (SENAFRONT) abusando de su fuerza irrumpi\u00f3 en la isla creando incertidumbre. El hecho no s\u00f3lo caus\u00f3 malestar por la forma que entraron ese d\u00eda a la comunidad sino que demostr\u00f3 con ello un irrespeto hacia toda norma interna y comarcal, se desconoci\u00f3 a las autoridades locales y sus normas. La Personera ha ignorado totalmente nuestras estructuras tradicionales y nuestra condici\u00f3n de un territorio con un r\u00e9gimen especial y se vali\u00f3 de su fuerza cargando armas de grueso calibre para imponer sus criterios.<\/p>\n<p>Nosotros como un pueblo pac\u00edfico y respetuoso no podemos tolerar que instancias o estamentos que deber\u00edan tener como norte el respeto, el cumplimiento de las elementales normas de convivencia pac\u00edfica act\u00faen de esta forma. Desde la Personer\u00eda se dictan detenciones fuera de la ley tal como ha ocurrido con el Sagla de la comunidad de Aswemullu quien sigue arrestado injustamente en Col\u00f3n. Asimismo el \u00faltimo caso de un comunero de Mirya Ubgigandub quien fue detenido por miembros de SENAFRONT en Gardi Sugdub sin ninguna orden de detenci\u00f3n debida, solo le pareci\u00f3 sospechoso y crearles luego hechos que no han ocurrido con la persona.<\/p>\n<p>Por otro lado, la presencia de SENAFRONT en nuestra comarca viene representando en una fuerza represora donde hemos visto acumular una serie de hechos que violan los derechos colectivos e individuales de nuestra poblaci\u00f3n. Podemos mencionar otros casos de los hechos ocurridos en nuestras comunidades.\u00a0 Los \u00faltimos incidentes relacionados con dos pescadores de Wissubwala quienes fueron detenidos sin ning\u00fan hecho imputable y amanecieron amarrados en una palma de coco en la isla de Gaigirgordub (El Porvenir) y as\u00ed como tambi\u00e9n el ocurrido el 3 de abril de 2011, cuando un grupo de trabajadores de Irgandi que iban en dos botes hacia su comunidad fueron interceptados por miembros de SENAFRONT, quienes de forma poco cort\u00e9s en medio del mar fueron revisados como si fueran delincuentes. Otros casos reportados desde el puesto de control en Gardi Sugdub indican que algunas unidades de SENAFRONT, faltando el respeto y abusando de su uniforme en la revisi\u00f3n como si los Kunas fueran malhechores.<\/p>\n<p>Por todo lo antes expuesto exigimos la salida inmediata de la Personera Comarcal y se busquen los mecanismos para que esta instituci\u00f3n no sea generadora de conflictos ni mucho menos sea instituci\u00f3n que abuse de los derechos de nuestros pueblos. De igual forma exigimos la movilizaci\u00f3n hacia las zonas fronterizas de SENAFRONT donde deben estar para cumplir con su misi\u00f3n por la cual fueron creados, no en medio de nuestras comunidades, as\u00ed como tampoco sirvan para amedrentar a nuestra poblaci\u00f3n que siempre ha vivido en medio de tranquilidad, sosiego y en pleno goce de su libertad como pueblo con derechos y deberes. Que nos guarde nuestros Creadores Baba y Nana.<\/p>\n<div style=\"margin-top: 0px; margin-bottom: 0px;\"><span style=\"font-family: Arial; color: #800000; font-size: x-small;\">Secretar\u00eda de Informaci\u00f3n y comunicaci\u00f3n del Congreso General Kuna<\/span><\/div>\n<div style=\"margin-top: 0px; margin-bottom: 0px;\"><em><span style=\"font-family: Arial; color: #800000; font-size: x-small;\">Coordinador: Anelio Merry L\u00f3pez<\/span><\/em><\/div>\n<h2 style=\"margin-top: 0px; margin-bottom: 0px;\"><span style=\"font-weight: 400;\"><span style=\"font-family: Arial; color: #800000; font-size: x-small;\">E-mail: <a href=\"mailto:aneliomerry@congresogeneralkuna.com\" target=\"_blank\" rel=\"nofollow noopener noreferrer\" style=\"text-decoration: none;\"><span style=\"color: #800000;\">aneliomerry<\/span><\/a><\/span><a href=\"mailto:aneliomerry@congresogeneralkuna.com\" target=\"_blank\" rel=\"nofollow noopener noreferrer\" style=\"text-decoration: none;\"><span style=\"font-family: Arial; color: #800000; font-size: x-small;\">@congresogeneralkuna.com<\/span><\/a><span style=\"font-family: Arial; color: #800000; font-size: x-small;\"> \/ <\/span><a href=\"mailto:aneliom@hotmail.com\" target=\"_blank\" rel=\"nofollow noopener noreferrer\" style=\"text-decoration: none;\"><span style=\"font-family: Arial; color: #800000; font-size: x-small;\">aneliom@hotmail.com<\/span><\/a><\/span><\/h2>\n<div style=\"margin-top: 0px; margin-bottom: 0px;\"><span style=\"font-family: Arial; color: #800000; font-size: x-small;\">Tel\u00e9fonos: 314-1513, 314-1293 (98)<\/span><\/div>\n<div style=\"margin-top: 0px; margin-bottom: 0px;\"><span style=\"font-family: Arial; color: #800000; font-size: x-small;\">Web: <a href=\"http:\/\/www.congresogeneralkuna.com\/\" target=\"_blank\" rel=\"noopener noreferrer\">www.congresogeneralkuna.com<\/a><\/span><\/div>\n","protected":false},"excerpt":{"rendered":"<p>El pasado, 7 de abril del a\u00f1o en curso la comunidad de Mirya Ubgigandub fue testigo de uno de los incidentes que nos ha indignado donde la Personera Comarcal Dayka Guerrero en [&hellip;]<\/p>\n","protected":false},"author":2,"featured_media":0,"comment_status":"open","ping_status":"open","sticky":false,"template":"","format":"standard","meta":[],"categories":[61],"tags":[],"_links":{"self":[{"href":"https:\/\/tejidohistorico.afrodescendientes.com\/index.php\/wp-json\/wp\/v2\/posts\/1746"}],"collection":[{"href":"https:\/\/tejidohistorico.afrodescendientes.com\/index.php\/wp-json\/wp\/v2\/posts"}],"about":[{"href":"https:\/\/tejidohistorico.afrodescendientes.com\/index.php\/wp-json\/wp\/v2\/types\/post"}],"author":[{"embeddable":true,"href":"https:\/\/tejidohistorico.afrodescendientes.com\/index.php\/wp-json\/wp\/v2\/users\/2"}],"replies":[{"embeddable":true,"href":"https:\/\/tejidohistorico.afrodescendientes.com\/index.php\/wp-json\/wp\/v2\/comments?post=1746"}],"version-history":[{"count":0,"href":"https:\/\/tejidohistorico.afrodescendientes.com\/index.php\/wp-json\/wp\/v2\/posts\/1746\/revisions"}],"wp:attachment":[{"href":"https:\/\/tejidohistorico.afrodescendientes.com\/index.php\/wp-json\/wp\/v2\/media?parent=1746"}],"wp:term":[{"taxonomy":"category","embeddable":true,"href":"https:\/\/tejidohistorico.afrodescendientes.com\/index.php\/wp-json\/wp\/v2\/categories?post=1746"},{"taxonomy":"post_tag","embeddable":true,"href":"https:\/\/tejidohistorico.afrodescendientes.com\/index.php\/wp-json\/wp\/v2\/tags?post=1746"}],"curies":[{"name":"wp","href":"https:\/\/api.w.org\/{rel}","templated":true}]}}