{"id":1800,"date":"2011-05-09T15:17:36","date_gmt":"2011-05-09T15:17:36","guid":{"rendered":"http:\/\/www2.nasaacin.org\/index.php\/2011\/05\/09\/no-existen-verdaderas-voluntades-para-que-podamos-vivir-en-paz-en-nuestro-territorio\/"},"modified":"2011-05-09T15:17:36","modified_gmt":"2011-05-09T15:17:36","slug":"no-existen-verdaderas-voluntades-para-que-podamos-vivir-en-paz-en-nuestro-territorio","status":"publish","type":"post","link":"https:\/\/tejidohistorico.afrodescendientes.com\/index.php\/2011\/05\/09\/no-existen-verdaderas-voluntades-para-que-podamos-vivir-en-paz-en-nuestro-territorio\/","title":{"rendered":"No existen verdaderas voluntades para que podamos vivir en paz en nuestro territorio."},"content":{"rendered":"<p>A dem\u00e1s de todos los problemas que tiene nuestro pueblo, se suma uno m\u00e1s y que puede desatar muchos inconvenientes dentro de la cotidianidad del Pueblo Aw\u00e1; en estos d\u00edas nos enteramos que por parte del gobierno nacional se est\u00e1 realizando estudios para la construcci\u00f3n de una base militar<\/p>\n<p>  <!--more-->  <\/p>\n<p>dentro del resguardo ind\u00edgena Aw\u00e1 de Piedra Verde que se encuentra ubicado en el municipio de Barbacoas (Nari\u00f1o.), a una hora del Centro Administrativo de nuestra organizaci\u00f3n UNIPA reconocido por nuestro pueblo \u201ccomo territorio de encuentro, convivencia, di\u00e1logo y paz\u201d, ubicado en el Resguardo ind\u00edgena Aw\u00e1 de Gran S\u00e1balo.<\/p>\n<p>Piedra Verde desde hace 20 a\u00f1os viene siendo objeto de falta de garant\u00edas por parte del Estado Colombiano, al no quererlo reconocer oficialmente como resguardo ind\u00edgena, demostrando una vez m\u00e1s la falta de voluntad que tienen los gobiernos de turno con nuestro pueblo ind\u00edgena; lo que nos pone a pensar si esto solo lo hacen para poder convertir a nuestro territorio en un campo de guerra.<\/p>\n<p>Estas actuaciones por parte del gobierno nacional demuestran la falta de compromiso que tienen con los pueblos ind\u00edgenas, ya que con la construcci\u00f3n de una base militar nos est\u00e1 exponiendo y colocando de carne de ca\u00f1\u00f3n en una guerra que no nos pertenece y para la cual no vamos nunca a ser participes, adem\u00e1s para nuestro pueblo que tiene cantidad de necesidades b\u00e1sicas insatisfechas esta decisi\u00f3n consideramos muy grave e irrespeto a nuestra autonom\u00eda territorial.<\/p>\n<p>En el marco del auto 004 de Enero 26 de 2009, orden de la corte constitucional, los Aw\u00e1 logramos construir nuestro Plan de Salvaguarda \u00c9tnica y el 16 de abril de 2010 entregamos al gobierno nacional, quien posteriormente deb\u00eda instalar oficialmente para adelantar el proceso de consulta y concertaci\u00f3n, desafortunadamente hasta la fecha no se ha logrado contar con la buena voluntad para iniciar la instalaci\u00f3n y menos el proceso de consulta y concertaci\u00f3n, mientras que en nuestro pueblo contin\u00faan las amenazas, muertes, fumigaciones y con la explotaci\u00f3n de riquezas que han sido dejadas por nuestros mayores.<\/p>\n<p>Teniendo en cuenta lo anterior, nos permitimos informar a la opini\u00f3n p\u00fablica nacional e internacional, tal como mencionamos en los anteriores comunicados, que el d\u00eda 9 de mayo de 2011, una comisi\u00f3n conformado por j\u00f3venes, mujeres y hombres iniciaremos nuestra entrada hacia al resguardo de Tortuga\u00f1a Telemb\u00ed al sector del Alto Naya, para verificar lo que est\u00e1 sucediendo en este lugar, no permitiremos que nuestro territorio se convierta en una mina de explotaci\u00f3n de oro y que las riquezas que a\u00fan quedan a pesar de los saqueos que se realizaron en el pasado, sean sacadas por agentes ajenos a nuestro pueblo.<\/p>\n<p>Pedimos garant\u00edas a todos los actores que confluyen dentro de nuestro territorio y les exigimos respeto para la continuaci\u00f3n de la minga humanitaria ind\u00edgena Aw\u00e1 que emprendimos hace dos a\u00f1os, luego de la masacre de 17 ind\u00edgenas Aw\u00e1 en febrero 4 de 2009 en el resguardo Tortuga\u00f1a Telemb\u00ed, ahora nuestro prop\u00f3sito es verificar lo que est\u00e1 sucediendo en el Alto Naya, donde al parecer est\u00e1n de explotando oro.<\/p>\n<p>Ante estos hechos exigimos:<\/p>\n<p>AL Gobierno Nacional<\/p>\n<p>1. Pronunciarse p\u00fablicamente la intenci\u00f3n adelantar este proyecto dentro de la comunidad ind\u00edgena Aw\u00e1<\/p>\n<p>2. Agilizar la constituci\u00f3n del Resguardo ind\u00edgena Aw\u00e1 de Piedra Verde<\/p>\n<p>3. No colocar bases militares dentro de nuestro territorio ancestral<\/p>\n<p>4. Desmilitarizar nuestro territorio ancestral<\/p>\n<p>5. Que brinde las garant\u00edan necesarias para dar continuidad a la minga humanitaria Aw\u00e1<\/p>\n<p>6. Desmilitarizar la zona para podamos ingresar al sitio donde se encuentran realizando estudios o la explotaci\u00f3n minera.<\/p>\n<p>A los actores armados:<\/p>\n<p>1. Que respeten nuestra Autonom\u00eda y no nos impidan la entrada al territorio a verificar que est\u00e1 sucediendo.<\/p>\n<p>2. Que dejen de sembrar minas antipersonal en nuestro territorio ancestral<\/p>\n<p>3. Que desminen la zonas donde hayan minas.<\/p>\n<p>Al Ministerio P\u00fablico<\/p>\n<p>A La defensor\u00eda del pueblo:<\/p>\n<p>1. Que haga un seguimiento de la situaci\u00f3n y emita la alerta temprana sobre el riesgo de desplazamiento de los resguardos ind\u00edgenas del pueblo ind\u00edgena Aw\u00e1.<\/p>\n<p>A la procuradur\u00eda:<\/p>\n<p>1. Que de acuerdo a su competencia, realice las investigaciones pertinentes frente al cumplimiento de las obligaciones de las entidades del Estado y sus funcionarios<\/p>\n<p>Solicitamos a la comunidad internacional<\/p>\n<p>2. Acompa\u00f1amiento y monitorio permanente sobre la situaci\u00f3n de derechos humanos y del derecho internacional humanitario en las comunidades del pueblo ind\u00edgena Aw\u00e1<\/p>\n<p>3. Instar al gobierno colombiano que brinde las garant\u00edas para el goce efectivo de los derechos de los pueblos ind\u00edgenas consagrados en la constituci\u00f3n pol\u00edtica, legislaci\u00f3n ind\u00edgena nacional y los instrumentos internacionales ratificados por Colombia.<\/p>\n<p><strong><br \/>Organizaci\u00f3n -Unidad Ind\u00edgena del Pueblo Aw\u00e1-UNIPA<\/p>\n<p>Territorio de encuentro, convivencia di\u00e1logo y paz<\/strong><\/p>\n<p><\/p>\n<p>\u00a0<\/p>\n","protected":false},"excerpt":{"rendered":"<p>A dem\u00e1s de todos los problemas que tiene nuestro pueblo, se suma uno m\u00e1s y que puede desatar muchos inconvenientes dentro de la cotidianidad del Pueblo Aw\u00e1; en estos d\u00edas nos enteramos [&hellip;]<\/p>\n","protected":false},"author":1,"featured_media":0,"comment_status":"open","ping_status":"open","sticky":false,"template":"","format":"standard","meta":[],"categories":[75],"tags":[],"_links":{"self":[{"href":"https:\/\/tejidohistorico.afrodescendientes.com\/index.php\/wp-json\/wp\/v2\/posts\/1800"}],"collection":[{"href":"https:\/\/tejidohistorico.afrodescendientes.com\/index.php\/wp-json\/wp\/v2\/posts"}],"about":[{"href":"https:\/\/tejidohistorico.afrodescendientes.com\/index.php\/wp-json\/wp\/v2\/types\/post"}],"author":[{"embeddable":true,"href":"https:\/\/tejidohistorico.afrodescendientes.com\/index.php\/wp-json\/wp\/v2\/users\/1"}],"replies":[{"embeddable":true,"href":"https:\/\/tejidohistorico.afrodescendientes.com\/index.php\/wp-json\/wp\/v2\/comments?post=1800"}],"version-history":[{"count":0,"href":"https:\/\/tejidohistorico.afrodescendientes.com\/index.php\/wp-json\/wp\/v2\/posts\/1800\/revisions"}],"wp:attachment":[{"href":"https:\/\/tejidohistorico.afrodescendientes.com\/index.php\/wp-json\/wp\/v2\/media?parent=1800"}],"wp:term":[{"taxonomy":"category","embeddable":true,"href":"https:\/\/tejidohistorico.afrodescendientes.com\/index.php\/wp-json\/wp\/v2\/categories?post=1800"},{"taxonomy":"post_tag","embeddable":true,"href":"https:\/\/tejidohistorico.afrodescendientes.com\/index.php\/wp-json\/wp\/v2\/tags?post=1800"}],"curies":[{"name":"wp","href":"https:\/\/api.w.org\/{rel}","templated":true}]}}