{"id":1863,"date":"2011-05-19T22:24:16","date_gmt":"2011-05-19T22:24:16","guid":{"rendered":"http:\/\/www2.nasaacin.org\/index.php\/2011\/05\/19\/corte-decide-suspender-procesos-que-se-basaban-en-computadoras-de-reyes\/"},"modified":"2011-05-19T22:24:16","modified_gmt":"2011-05-19T22:24:16","slug":"corte-decide-suspender-procesos-que-se-basaban-en-computadoras-de-reyes","status":"publish","type":"post","link":"https:\/\/tejidohistorico.afrodescendientes.com\/index.php\/2011\/05\/19\/corte-decide-suspender-procesos-que-se-basaban-en-computadoras-de-reyes\/","title":{"rendered":"Corte decide suspender procesos que se basaban en computadoras de Reyes"},"content":{"rendered":"<p>La Suprema Corte de Justicia de Colombia decidi\u00f3 ayer (18) invalidar los procesos que se basaban en documentos extra\u00eddos de las computadoras de Ra\u00fal Reyes, uno de los l\u00edderes de las Fuerzas Armadas Revolucionarias de Colombia (Farc), muerto en marzo de 2008 durante un bombardeo en Ecuador.<\/p>\n<p>  <!--more-->  <\/p>\n<p>Despu\u00e9s de su muerte, correos electr\u00f3nicos y archivos de Word fueron usados ampliamente como base de datos para realizar denuncias. Seg\u00fan la Corte, el material extra\u00eddo de las computadoras fue obtenido de manera il\u00edcita por militares, ya que deber\u00edan haber sido aprehendidas por la polic\u00eda judicial, y por eso, no se puede usar como prueba legal.<\/p>\n<p>Otro argumento utilizado por la Corte fue el hecho de que el bombardeo en territorio ecuatoriano viol\u00f3 un acuerdo entre los dos pa\u00edses. Seg\u00fan el Tribunal, para la incursi\u00f3n de las tropas colombianas, el gobierno de este pa\u00eds deber\u00eda tener una autorizaci\u00f3n del gobierno ecuatoriano.<\/p>\n<p>Adem\u00e1s, ninguna autoridad colombiana &#8220;sostuvo, respald\u00f3 o corrobor\u00f3 el contenido de los correos en el curso del proceso&#8221;, resalta la decisi\u00f3n del Tribunal de Justicia. Entre los funcionarios entrevistados por los magistrados y que no dieron elementos para dar validez a estas pruebas se encuentran el ex-presidente colombiano \u00c1lvaro Uribe y el director de la Polic\u00eda, general \u00d3scar Naranjo.<\/p>\n<p>Basado en estas consideraciones los magistrados decidieron rechazar las actuaciones legales que estaban en curso contra el ex-representante de la C\u00e1mara del Congreso por el Polo Democr\u00e1tico Alternativo, Wilson Borja, denunciado de tener vinculaciones con el grupo guerrillero. El nombre de Borja habr\u00eda sido mencionado en 45 mensajes encontrados en los archivos de las computadoras de Reyes. Al saber de la decisi\u00f3n de la Corte, Borja anunci\u00f3 que reclamar\u00e1 ante el Estado y el ex-presidente \u00c1lvaro Uribe por los perjuicios y da\u00f1os que sufri\u00f3 a causa de la investigaci\u00f3n.<\/p>\n<p>\u00c9sta y otras denuncias contra funcionarios p\u00fablicos y l\u00edderes regionales comenzaron a surgir despu\u00e9s del secuestro de las computadoras. Adem\u00e1s de Wilson Borja, se destacan tambi\u00e9n los casos que involucran a las ex-senadoras Piedad C\u00f3rdoba y Gloria In\u00e9s Ram\u00edrez, al presidente de Venezuela, Hugo Ch\u00e1vez Fr\u00edas, acusado de financiar a las FARC, y tambi\u00e9n al presidente de Ecuador, Rafael Correa, acusado de haber recibido financiamiento y apoyo pol\u00edtico de la guerrilla en su campa\u00f1a presidencial de 2006. Estas acusaciones fueron llamadas operaci\u00f3n &#8216;Farcpol\u00edtica&#8217;.<\/p>\n<p>El pronunciamiento de la Corte de Justicia se produjo una semana despu\u00e9s que el Centro Brit\u00e1nico de Estudios Estrat\u00e9gicos public\u00f3 la totalidad del contenido de las computadoras, lo que reencendi\u00f3 la pol\u00e9mica sobre las supuestas relaciones de los presidentes Hugo Ch\u00e1vez y Rafael Correa con las Farc.<\/p>\n<p>Para los magistrados, los documentos usados hasta entonces como pruebas para estas denuncias no deben m\u00e1s ser considerados como legales por las instancias de justicia, ya que existen indicios de copias, alteraciones y manipulaci\u00f3n de las informaciones, en documentos de Word. En algunos casos, las fechas de los documentos est\u00e1n desordenadas y algunas veces hasta colocadas en un futuro.<\/p>\n<p>Despu\u00e9s de saber de esta decisi\u00f3n, el canciller de Venezuela, Nicol\u00e1s Maduro, se pronunci\u00f3 en Managua, Nicaragua, donde est\u00e1 participando del Forum de San Pablo, diciendo que \u2018la f\u00e1bula envenenada que trataron de crear (\u2026) est\u00e1 llegando al final de su historia\u201d. Maduro aprovech\u00f3 la ocasi\u00f3n para afirmar tambi\u00e9n que su pa\u00eds no est\u00e1 construyendo ninguna base de misiles. &#8220;Es una mentira extravagante, que nosotros rechazamos\u201d, declar\u00f3, diciendo que eso debe tratarse de una campa\u00f1a de desprestigio contra el gobierno.<\/p>\n<p>Con informaciones de agencias.<\/p>\n<p>\u00a0<\/p>\n<p>\u00a0<\/p>\n<p>http:\/\/www.adital.com.br\/site\/noticia.asp?boletim=1&#038;lang=ES&#038;cod=56660<\/p>\n","protected":false},"excerpt":{"rendered":"<p>La Suprema Corte de Justicia de Colombia decidi\u00f3 ayer (18) invalidar los procesos que se basaban en documentos extra\u00eddos de las computadoras de Ra\u00fal Reyes, uno de los l\u00edderes de las Fuerzas [&hellip;]<\/p>\n","protected":false},"author":1,"featured_media":0,"comment_status":"open","ping_status":"open","sticky":false,"template":"","format":"standard","meta":[],"categories":[75],"tags":[],"_links":{"self":[{"href":"https:\/\/tejidohistorico.afrodescendientes.com\/index.php\/wp-json\/wp\/v2\/posts\/1863"}],"collection":[{"href":"https:\/\/tejidohistorico.afrodescendientes.com\/index.php\/wp-json\/wp\/v2\/posts"}],"about":[{"href":"https:\/\/tejidohistorico.afrodescendientes.com\/index.php\/wp-json\/wp\/v2\/types\/post"}],"author":[{"embeddable":true,"href":"https:\/\/tejidohistorico.afrodescendientes.com\/index.php\/wp-json\/wp\/v2\/users\/1"}],"replies":[{"embeddable":true,"href":"https:\/\/tejidohistorico.afrodescendientes.com\/index.php\/wp-json\/wp\/v2\/comments?post=1863"}],"version-history":[{"count":0,"href":"https:\/\/tejidohistorico.afrodescendientes.com\/index.php\/wp-json\/wp\/v2\/posts\/1863\/revisions"}],"wp:attachment":[{"href":"https:\/\/tejidohistorico.afrodescendientes.com\/index.php\/wp-json\/wp\/v2\/media?parent=1863"}],"wp:term":[{"taxonomy":"category","embeddable":true,"href":"https:\/\/tejidohistorico.afrodescendientes.com\/index.php\/wp-json\/wp\/v2\/categories?post=1863"},{"taxonomy":"post_tag","embeddable":true,"href":"https:\/\/tejidohistorico.afrodescendientes.com\/index.php\/wp-json\/wp\/v2\/tags?post=1863"}],"curies":[{"name":"wp","href":"https:\/\/api.w.org\/{rel}","templated":true}]}}