{"id":190,"date":"2010-07-24T05:00:00","date_gmt":"2010-07-24T05:00:00","guid":{"rendered":"http:\/\/www2.nasaacin.org\/index.php\/2010\/07\/24\/itodo-fue-a-sus-espaldas\/"},"modified":"2010-07-24T05:00:00","modified_gmt":"2010-07-24T05:00:00","slug":"itodo-fue-a-sus-espaldas","status":"publish","type":"post","link":"https:\/\/tejidohistorico.afrodescendientes.com\/index.php\/2010\/07\/24\/itodo-fue-a-sus-espaldas\/","title":{"rendered":"\u00bfTodo fue a sus espaldas?"},"content":{"rendered":"<div class=\"fuentefecha\">[ 07\/24\/2010] [ <span>Fuente: <a href=\"http:\/\/razonpublica.com\/index.php?option=com_content&amp;view=article&amp;id=1162;itodo-fue-a-sus-espaldas&amp;catid=19;politica-y-gobierno-&amp;Itemid=27\" target=\"_blank\" rel=\"noopener noreferrer\">Raz\u00f3n P\u00fablica<\/a><\/span> ]  [ <span>Autor: Rodigo Hurtado Sabogal <\/span>]<\/div>\n<p>S\u00edntesis de algunas de las causas pendientes en los tribunales  nacionales e internacionales contra el presidente Uribe, sus familiares y  altos funcionarios de su gobierno.  <!--more-->  <\/p>\n<p><strong><em><span style=\"color: #000000;\">Cambio de p\u00e1gina<\/span><\/em><\/strong><\/p>\n<p style=\"text-align: justify;\"><span style=\"color: #000000;\">Desde que la Corte Constitucional le cerr\u00f3 para siempre la posibilidad de mantenerse en el poder, \u00c1lvaro Uribe ha especulado reiteradamente acerca de su futuro una vez deje la Presidencia: abuelo de los hijos de Tom\u00e1s, finquero en el Ub\u00e9rrimo, alcalde de Bogot\u00e1, cooperante, rector de una universidad virtual, editorialista, locutor radial y abogado de los miembros de la fuerza p\u00fablica acusados de violaciones de los derechos humanos.<\/span><\/p>\n<p style=\"text-align: justify;\"><span style=\"color: #000000;\">Las cavilaciones del presidente han crecido a tiempo que se afianza una tendencia que podr\u00eda alterar su porvenir y mantenerlo m\u00e1s ocupado de lo que se imagina: con el pasar de los d\u00edas, y a menos de un mes de dejar la Presidencia, las noticias sobre familiares, altos funcionarios y ex funcionarios de su gobierno han pasado de la p\u00e1gina pol\u00edtica a la judicial.<\/span><\/p>\n<p style=\"text-align: justify;\"><span style=\"color: #000000;\">En un hecho in\u00e9dito, el veredicto sobre el presidente que haya tenido mayor popularidad en las encuestas al final de su mandato podr\u00eda darse antes en los tribunales que en el debate p\u00fablico y en los libros de historia. Adem\u00e1s de una alta popularidad (en el <span style=\"text-decoration: underline;\">Gallup Poll<\/span> de mayo el respaldo a su gesti\u00f3n fue del 68 por ciento), Uribe saldr\u00e1 de la Presidencia con varios casos penales y disciplinarios a sus espaldas. Casos que involucran a familiares y colaboradores cercanos y que, en caso de comprobarse, podr\u00edan mancillar su legado y comprometer su futuro pol\u00edtico.<\/span><\/p>\n<p style=\"text-align: justify;\"><strong><em><span style=\"color: #000000;\">Espionaje en tiempos de la Seguridad Democr\u00e1tica<\/span><\/em><\/strong><\/p>\n<p style=\"text-align: justify;\"><span style=\"color: #000000;\">Las acciones de intimidaci\u00f3n, amedrentamiento y espionaje por parte de funcionarios del DAS contra periodistas, magistrados, y representantes de la comunidad internacional estallaron en febrero de 2009 con las revelaciones de <span style=\"text-decoration: underline;\">Semana<\/span><\/span><span style=\"color: #000000;\">[1]<\/span><span style=\"color: #000000;\">. En aquel momento el presidente rechaz\u00f3 los cargos, denunci\u00f3 una <em>&#8220;red mafiosa que act\u00faa desde muchas instancias&#8221;<\/em> y en \u00faltimas se aventur\u00f3 a proclamarse v\u00edctima de las chuzadas<\/span><span style=\"color: #000000;\">[2]<\/span><span style=\"color: #000000;\">.<\/span><\/p>\n<p style=\"text-align: justify;\"><span style=\"color: #000000;\">Hoy la justicia ha encontrado indicios en el sentido de que los m\u00e1s cercanos colaboradores del Presidente en la Casa de Nari\u00f1o estar\u00edan involucrados en los hechos. El pasado 8 de julio, el Fiscal General llam\u00f3 a interrogatorio el viceministro de Defensa, Jorge Mario Eastman; al secretario Jur\u00eddico, Edmundo del Castillo; al secretario de Prensa, C\u00e9sar Mauricio Vel\u00e1squez; y al ex asesor presidencial, Jos\u00e9 Obdulio Gaviria. En este proceso tambi\u00e9n son investigados los ex directores del DAS Jorge Noguera Cote, Andr\u00e9s Pe\u00f1ate y Mar\u00eda del Pilar Hurtado, todos nominados en forma directa por el Presidente.<\/span><\/p>\n<p style=\"text-align: justify;\"><strong><em><span style=\"color: #000000;\">El socio de Jorge 40<\/span><\/em><\/strong><\/p>\n<p style=\"text-align: justify;\"><span style=\"color: #000000;\">Noguera, el primer director del DAS de Uribe, fue llamado a juicio por trabajar en conjunto con el jefe paramilitar &#8220;Jorge 40&#8221; en los asesinatos concertados de tres l\u00edderes sociales de la Costa Atl\u00e1ntica<\/span><span style=\"color: #000000;\">[3]<\/span><span style=\"color: #000000;\">. Los informes usados por los paras en esos cr\u00edmenes eran enviados tambi\u00e9n a la Presidencia<\/span><span style=\"color: #000000;\">[4]<\/span><span style=\"color: #000000;\">. Noguera revel\u00f3 ante la Corte que una orden del presidente llev\u00f3 a la subdirecci\u00f3n del organismo a Jos\u00e9 Miguel De Narva\u00e9z<\/span><span style=\"color: #000000;\">[5]<\/span><span style=\"color: #000000;\">. Este oscuro personaje es recordado por los jefes paramilitares por una tesis que sol\u00eda defender ante ellos: \u00bfPor qu\u00e9 es legal matar comunistas en Colombia?<\/span><span style=\"color: #000000;\">[6]<\/span><span style=\"color: #000000;\"> De Narv\u00e1ez est\u00e1 llamado a juicio por ser el determinador del asesinato del humorista y periodista, Jaime Garz\u00f3n, en asocio con el extinto Carlos Casta\u00f1o.<\/span><\/p>\n<p style=\"text-align: justify;\"><span style=\"color: #000000;\">Noguera ocup\u00f3 la direcci\u00f3n del DAS hasta 2005, cuando los se\u00f1alamientos en su contra lo obligaron a renunciar. Entonces el presidente lo nombr\u00f3 c\u00f3nsul de Colombia en Mil\u00e1n, y s\u00f3lo un a\u00f1o despu\u00e9s, cuando fue llamado a indagatoria por parte de la Fiscal\u00eda, renunci\u00f3 al cargo. Hasta noviembre de 2006 el presidente dijo que pon\u00eda &#8220;<em>las manos en el fuego por \u00e9l<\/em>&#8220;.<\/span><\/p>\n<p style=\"text-align: justify;\"><strong><em><span style=\"color: #000000;\">Chuzadas de alto nivel<\/span><\/em><\/strong><\/p>\n<p style=\"text-align: justify;\"><span style=\"color: #000000;\">A Noguera, Pe\u00f1ate y Hurtado los investigan por la existencia de un grupo de polic\u00eda pol\u00edtica conocido como &#8220;los G3&#8221; y posteriormente como &#8220;Goni&#8221;, que contaba con manuales de funciones, gastos reservados y minutas de seguimientos, amedrentamientos y amenazas contra l\u00edderes sindicales, opositores pol\u00edticos, defensores de los derechos humanos y periodistas. Algunas de las revelaciones que han hecho ex directivos del DAS y detectives de ese grupo dan cuenta de casos como el de Claudia Julieta Duque, periodista del Colectivo de Abogados Jos\u00e9 Alvear Restrepo, a quien amenazaron y amedrentaron con frases como: &#8220;Su hija va a sufrir, la vamos a quemar viva, le vamos a esparcir los dedos por la casa \u00bb.<\/span><\/p>\n<p style=\"text-align: justify;\"><span style=\"color: #000000;\">Ciento veinte organizaciones y personas se han hecho parte en el caso de las chuzadas del DAS. Las acciones de este organismo alcanzaron las oficinas de las Naciones Unidas en Colombia como lo denunci\u00f3 el pasado 14 de marzo la Alta Comisionada para los Derechos Humanos, Navi Pillay.<\/span><\/p>\n<p style=\"text-align: justify;\"><span style=\"color: #000000;\">La situaci\u00f3n de Mar\u00eda del Pilar Hurtado no es menos grave. La funcionaria fue nombrada luego de la renuncia de Andr\u00e9s Pe\u00f1ate, quien decidi\u00f3 buscar en el sector privado un mejor sueldo, y le explot\u00f3 en la cara la crisis por las chuzadas. Dos a\u00f1os antes, la funcionara hab\u00eda negado p\u00fablicamente y en audiencia ante la Corte Suprema que se estuviera espiando a los magistrados. Documentos allegados a la investigaci\u00f3n confirman que Hurtado se reun\u00eda con altos funcionarios de Palacio para discutir informaci\u00f3n sobre seguimientos a magistrados de la Corte y l\u00edderes pol\u00edticos. Uribe defendi\u00f3 a Hurtado insistentemente hasta su salida del organismo en octubre de 2008.<\/span><\/p>\n<p style=\"text-align: justify;\"><span style=\"color: #000000;\">Hurtado est\u00e1 involucrada en dos episodios particularmente confusos de la historia reciente, pero al parecer relacionados. La visita del paramilitar subalterno de don Berna, alias &#8220;Job&#8221;, a la Casa de Nari\u00f1o; y la carta de un paramilitar de rango medio conocido como &#8220;Tasmania&#8221; en la que acusa al magistrado auxiliar, Iv\u00e1n Vel\u00e1squez, de ofrecer aguardiente y prebendas judiciales a cambio de testimonios de paramilitares desmovilizados en contra de Uribe y su primo, el ex presidente del Congreso, Mario Uribe Escobar. Tanto &#8220;Job&#8221; como &#8220;Tasmania&#8221;<em> <\/em>fueron asesinados antes de aclarar su participaci\u00f3n en los hechos.<\/span><\/p>\n<p style=\"text-align: justify;\"><strong><em><span style=\"color: #000000;\">San Mario Aranguren<\/span><\/em><\/strong><\/p>\n<p style=\"text-align: justify;\"><span style=\"color: #000000;\">Estos casos estar\u00edan relacionados el \u2018affaire&#8217; Ascencio Reyes, una trama en contra de los magistrados de la Sala Penal de la Corte Suprema, urdida desde Palacio en momentos en que la justicia cerraba su cerco en contra de los l\u00edderes de la coalici\u00f3n uribista envueltos en la \u2018parapol\u00edtica&#8217;.<\/span><\/p>\n<p style=\"text-align: justify;\"><span style=\"color: #000000;\">Reyes es un controvertido empresario huilense que financi\u00f3 un viaje y un homenaje social al presidente de la corte Yesid Ram\u00edrez en 2006. Reyes apareci\u00f3 en la prensa relacionado con el narcotr\u00e1fico y la informaci\u00f3n fue filtrada por funcionarios de Palacio con el fin de desprestigiar a la Corte. Sin embargo, Reyes no tiene sindicaci\u00f3n en firme ante la justicia, mientras que el funcionario que facilit\u00f3 parte de la informaci\u00f3n sobre \u00e9l y otros datos de las finanzas privadas de miembros del alto tribunal estaba recluido hasta hace muy poco en un centro penitenciario: el ex director de la Unidad de An\u00e1lisis Financiero, UIAF, Mario Aranguren, acusado de &#8220;<em>concierto para delinquir agravado<\/em><em>, <\/em><em>prevaricato por acci\u00f3n y abuso de autoridad<\/em>&#8221; De Aranguren, quien ahora tiene la casa por c\u00e1rcel, Uribe dijo que estaba <em>&#8220;injustamente detenido&#8221;.<\/em><\/span><\/p>\n<p style=\"text-align: justify;\"><strong><em><span style=\"color: #000000;\">\u00bfQu\u00e9 dicen contra mi primo?<\/span><\/em><\/strong><\/p>\n<p style=\"text-align: justify;\"><span style=\"color: #000000;\">Tanto la UIAF como el DAS -que dependen del Presidente de la Rep\u00fablica- resultaron envueltos en otro caso judicial que involucra personalmente al presidente Uribe. Se trata de la demanda contra el ex presidente de la Corte, C\u00e9sar Julio Valencia Copete. Uribe y Valencia mantienen un pleito por una declaraci\u00f3n del magistrado en el sentido de que el presidente lo hab\u00eda llamado &#8220;molesto&#8221; para averiguar por las indagaciones que adelantaba la Corte contra su primo, Mario Uribe. El mandatario ha negado esa afirmaci\u00f3n, mientras que el magistrado se ha mantenido en su versi\u00f3n. La etapa de conciliaci\u00f3n ya fracas\u00f3 y el caso se encuentra pendiente de decisi\u00f3n en la Comisi\u00f3n de Acusaciones de la C\u00e1mara. Seg\u00fan evidencia publicada por Noticias Uno<\/span><span style=\"color: #000000;\">[7]<\/span><span style=\"color: #000000;\">, Valencia y su abogado Ramiro Bejarano habr\u00edan sido chuzados, seguidos, e informaci\u00f3n suya con reserva bancaria, auscultada sin orden judicial. Esas acciones habr\u00edan sido adelantadas por funcionarios del DAS y la UIAF por \u00f3rdenes del secretario privado de la presidencia, Bernardo Moreno.<\/span><\/p>\n<p style=\"text-align: justify;\"><strong><em><span style=\"color: #000000;\">San Mauricio<\/span><\/em><\/strong><\/p>\n<p style=\"text-align: justify;\"><span style=\"color: #000000;\">Estos hechos de espionaje taparon otros. Antes del DAS, en septiembre de 2003, la instituci\u00f3n acusada de chuzar a l\u00edderes pol\u00edticos fue la Polic\u00eda Nacional en la administraci\u00f3n del general Teodoro Campo. En aquella ocasi\u00f3n, cinco generales salieron de la Polic\u00eda. En mayo de 2007 fueron once los generales llamados a retiro por las grabaciones de conversaciones de varios ex jefes de las AUC recluidos en la c\u00e1rcel de Itag\u00fc\u00ed.<\/span><\/p>\n<p style=\"text-align: justify;\"><span style=\"color: #000000;\">Uno de los oficiales de la Polic\u00eda acusados de &#8220;chuzar&#8221; fue el coronel Mauricio Santoyo Velasco, comandante de la Polic\u00eda en Antioquia cuando Uribe era gobernador y su jefe de seguridad en la Presidencia hasta octubre de 2003, \u00a0cuando fue destituido por la Procuradur\u00eda. El coronel est\u00e1 implicado en 1.800 chuzadas a ONG de Antioqu\u00eda utilizando firmas falsas de fiscales. Dos de los l\u00edderes espiados, \u00c1ngel Jos\u00e9 Quintero Mesa y Claudia Patricia Monsalve Pulgar\u00edn, integrantes de la Asociaci\u00f3n de Familiares de Detenidos y Desaparecidos (Asfaddes) seccional Medell\u00edn, desaparecieron desde el 6 de octubre del a\u00f1o 2000. Pese a su destituci\u00f3n, Santoyo fue ascendido a Brigadier General por el Congreso de la Rep\u00fablica y el presidente.<\/span><\/p>\n<p style=\"text-align: justify;\"><strong><em><span style=\"color: #000000;\">San Mario<\/span><\/em><\/strong><\/p>\n<p style=\"text-align: justify;\"><span style=\"color: #000000;\">Un nombre com\u00fan en las disputas con la Corte Suprema y en el caso del espionaje del DAS es el del ex presidente del Senado, Mario Uribe Escobar. El primo hermano del Presidente es acusado de aliarse con los paramilitares de Salvatore Mancuso y Juan Carlos Sierra, &#8220;El Tuso&#8221;,<em> <\/em>para quedarse con las tierras de varios campesinos y aumentar el caudal electoral que lo llev\u00f3 al Senado de la mano de su primo \u00c1lvaro en 2002.<\/span><\/p>\n<p style=\"text-align: justify;\"><span style=\"color: #000000;\">El movimiento al que ambos pertenecieron y con el cual hicieron pol\u00edtica hasta 2002 fue Colombia Democr\u00e1tica. Ese grupo desapareci\u00f3 en la m\u00e1s reciente legislatura porque cuatro de sus cinco congresistas fueron presos por parapol\u00edtica. Uno de ellos es \u00c1lvaro &#8220;El Gordo&#8221;<em> <\/em>Garc\u00eda, congresista condenado a 40 a\u00f1os de c\u00e1rcel por instigar a la masacre de Macayepo en la que los paramilitares de los Montes de Mar\u00eda asesinaron a doce campesinos. Otro miembro destacado de ese grupo pol\u00edtico fue Miguel de la Espriella, el congresista cordob\u00e9s que revel\u00f3 el Pacto de Ralito y que ya cumpli\u00f3 su condena por asociaci\u00f3n con los paramilitares para ganar las elecciones parlamentarias de 2002. De esa campa\u00f1a qued\u00f3 una foto noticia de<span style=\"text-decoration: underline;\"> El Meridiano<\/span> de C\u00f3rdoba que muestra a \u00c1lvaro Uribe, a De la Espriella y a la tambi\u00e9n condenada, Eleonora Pineda, en un descapotado haciendo una correr\u00eda pol\u00edtica por Tierralta. \u00c9stas son las im\u00e1genes: <\/span><\/p>\n<p style=\"text-align: center;\"><span style=\"color: #000000;\"> <\/span><span style=\"color: #000000;\"><br \/><img loading=\"lazy\" src=\"http:\/\/razonpublica.com\/images\/stories\/uribe2.jpg\" border=\"0\" alt=\"uribe2\" width=\"600\" height=\"593\" \/><br \/>Fuente: El Meridiano de C\u00f3rdoba. Enero de 2002. <\/span><\/p>\n<p style=\"text-align: justify;\"><strong><em><span style=\"color: #000000;\">Tambi\u00e9n a sus espaldas<\/span><\/em><\/strong><\/p>\n<p style=\"text-align: justify;\"><span style=\"color: #000000;\">Las sindicaciones contra Mario Uribe han sido un episodio dram\u00e1tico en la Presidencia de Uribe. Nunca una persona tan cercana al primer mandatario hab\u00eda sido acusada por delitos tan graves. Contra Uribe Escobar hay dos declaraciones: la del jefe paramilitar Salvatore Mancuso y la de &#8220;Pitirri&#8221;, un chofer de los paramilitares en tiempos en que dominaban C\u00f3rdoba y Antioquia. En mayo de 2007, durante una audiencia de versi\u00f3n libre, Mancuso se\u00f1al\u00f3 que se reuni\u00f3 con Uribe Escobar en dos ocasiones para llegar a acuerdos pol\u00edticos. A su turno, el ex chofer de los paras dijo que el parlamentario se vali\u00f3 del poder de las AUC para hacerse a varias propiedades en Caucasia y Sahag\u00fan. En el expediente consta, adem\u00e1s, el aumento de votos para las elecciones de 2002 que ser\u00edan resultado de acuerdos con los jefes paramilitares. Esta semana el ex congresista explic\u00f3 a la Fiscal\u00eda que sus votos aumentaron \u00a0como resultado de <em>&#8220;una cadena de oraci\u00f3n&#8221;<\/em>. \u00c1lvaro Uribe tendr\u00eda que explicar c\u00f3mo hizo pol\u00edtica desde 1985 al lado de su primo y de sus copartidarios -reconocidos paramilitares- sin darse cuenta de sus nexos con grupos ilegales.<\/span><\/p>\n<p style=\"text-align: justify;\"><strong><em><span style=\"color: #000000;\">El Judas de los doce ap\u00f3stoles<\/span><\/em><\/strong><\/p>\n<p style=\"text-align: justify;\"><span style=\"color: #000000;\">Pero Uribe Escobar no es el \u00fanico familiar inc\u00f3modo del presidente. A principios y a mediados de su mandato, y de nuevo en los \u00faltimos meses, el nombre de su hermano, Santiago Uribe V\u00e9lez, ha saltado a la palestra. Su figuraci\u00f3n no se debe a su fotografiada amistad con el clan de los narcotraficantes Ochoa V\u00e1squez, fundadores de &#8220;Muerte A Secuestradores&#8221; (MAS), el primer grupo paramilitar de la historia reciente.\u00a0 El nombre de Santiago ha figurado<\/span><\/p>\n<p><span style=\"color: #000000;\"> <\/span><\/p>\n<p><span style=\"color: #000000;\"><br \/><img loading=\"lazy\" src=\"http:\/\/razonpublica.com\/images\/stories\/uribeconfabio.jpg\" border=\"0\" alt=\"uribeconfabio\" width=\"470\" height=\"294\" \/><\/p>\n<p>en los archivos judiciales por relaciones con grupos paramilitares desde principios de los a\u00f1os 90. Su nombre es mencionado como parte del grupo &#8220;Los Doce Ap\u00f3stoles&#8221; que sembr\u00f3 el terror en el noreste de Antioqu\u00eda. La Fiscal\u00eda absolvi\u00f3 a Santiago en dos investigaciones (1996 y 2000), pero las denuncias alrededor de cad\u00e1veres y campos de entrenamiento paramilitar en la finca de su propiedad conocida como &#8220;La Carolina&#8221; fueron retomadas por el senador Gustavo Petro en su c\u00e9lebre debate sobre el paramilitarismo en Antioqu\u00eda en 2006.<br \/><\/span><\/p>\n<p style=\"text-align: justify;\"><strong><em><span style=\"color: #000000;\"><br \/>\u00a1Gu\u00e1calas! \u00a1Washington Post!<\/span><\/em><\/strong><\/p>\n<p style=\"text-align: justify;\"><span style=\"color: #000000;\">Recientemente Juan Carlos Meneses, un coronel retirado de la Polic\u00eda, revivi\u00f3 el caso de Santiago Uribe desde Buenos Aires en una declaraci\u00f3n grabada ante el premio Nobel de Paz, Gustavo P\u00e9rez Esquivel, y ratificada ante un fiscal en el consulado de Colombia. El presidente ha dicho que su hermano es un hombre honorable y ha acusado a Esquivel y a <span style=\"text-decoration: underline;\">The Washington Post<\/span><\/span><span style=\"color: #000000;\">[8]<\/span><span style=\"color: #000000;\"> (que public\u00f3 el caso) de estar infiltrados por enemigos de su gobierno.<\/span><\/p>\n<p style=\"text-align: justify;\"><span style=\"color: #000000;\">Finalmente, Santiago Uribe jug\u00f3 un papel a\u00fan sin esclarecer en el episodio de la carta de &#8220;Tasmania&#8221;. Fue un abogado suyo quien termin\u00f3 entregando la carta a la subdirectora del DAS, Martha Leal, antes que el presidente hiciera p\u00fablicas las supuestas denuncias contra el magistrado Vel\u00e1squez.<\/span><\/p>\n<p>\u00a0<\/p>\n<p style=\"text-align: justify;\"><strong><em><span style=\"color: #000000;\">Santo Tom\u00e1s y San Jer\u00f3nimo<\/span><\/em><\/strong><\/p>\n<p style=\"text-align: justify;\"><span style=\"color: #000000;\">La nueva generaci\u00f3n uribista tambi\u00e9n podr\u00eda enfrentar problemas ante los tribunales: Jer\u00f3nimo y Tom\u00e1s Uribe Moreno fueron beneficiados por el cambio en el uso del suelo y la declaratoria de zona franca de un lote en Mosquera (Cundinamarca). Las decisiones que tomaron funcionarios subalternos de su padre, seg\u00fan las denuncias formuladas por <\/span><span style=\"text-decoration: underline;\"><span style=\"color: #000000;\">Noticias Uno<\/span><span style=\"text-decoration: underline;\"><span style=\"color: #000000;\">[9]<\/span><\/span><\/span><span style=\"color: #000000;\"> y el senador del Polo Democr\u00e1tico, Jorge Enrique Robledo, les signific\u00f3 un aumento en el valor del lote de tres millones a m\u00e1s de tres mil millones de pesos. El ministro de Comercio, el ministro de Hacienda y el director de la DIAN, quienes aprobaron la zona franca, debieron explicar por qu\u00e9 no se declararon impedidos para hacerlo. Aparte de eso se demostr\u00f3 que hubo falsedad en documento p\u00fablico. Aunque en el punto m\u00e1s cr\u00edtico de las denuncias el presidente prometi\u00f3 en alocuci\u00f3n televisada revelar su declaraci\u00f3n de renta y la de sus hijos, esto nunca se produjo, seg\u00fan investigaci\u00f3n del periodista Gonzalo Guillen<\/span><span style=\"color: #000000;\">[10]<\/span><span style=\"color: #000000;\">.<\/span><\/p>\n<p style=\"text-align: justify;\"><strong><em><span style=\"color: #000000;\"><br \/>San Alirio y San Sabas<\/span><\/em><\/strong><\/p>\n<p style=\"text-align: justify;\"><span style=\"color: #000000;\"><em>&#8220;El padre de familia que da mal ejemplo, esparce la autoridad sobre sus hijos en un desierto est\u00e9ril. Para controlar a los violentos, el Estado tiene que dar ejemplo, derrotar la politiquer\u00eda y la corrupci\u00f3n&#8221;.<\/em> Punto 24 del manifiesto democr\u00e1tico presentado por \u00c1lvaro Uribe a los colombianos en 2002.<\/span><\/p>\n<p style=\"text-align: justify;\"><span style=\"color: #000000;\">Tom\u00e1s ya rindi\u00f3 testimonio ante la Corte Suprema en otro caso: el carrusel de las notar\u00edas. El hijo del presidente aparece mencionado por el ex superintendente de Notariado y Registro, Manuel Cuello Baute, como gestor de la asignaci\u00f3n de var\u00edas de ellas. En sus declaraciones ante la Corte Suprema, Cuello Baute se\u00f1al\u00f3 que el mismo presidente, su secretario privado, Bernardo Moreno y el ministro de Interior, Sabas Pretelt de la Vega, estaban involucrados en la asignaci\u00f3n de puestos a varios congresistas que votaron a favor de la reelecci\u00f3n, incluyendo a Alirio Villamizar, condenado la semana pasada a nueve a\u00f1os de prisi\u00f3n por extorsionar a una notaria que le deb\u00eda el nombramiento.<\/span><\/p>\n<p style=\"text-align: justify;\"><span style=\"color: #000000;\">Pretelt es embajador ante el gobierno de Italia y estuvo a punto de renunciar en mayo, luego de que la Fiscal\u00eda dictara resoluci\u00f3n de acusaci\u00f3n en su contra por el ofrecimiento y entrega de d\u00e1divas a los dos congresistas que cambiaron su voto a \u00faltima hora para aprobar la reforma constitucional que permiti\u00f3 la reelecci\u00f3n presidencial en 2006.<br \/><\/span><\/p>\n<p style=\"text-align: justify;\"><strong><em><span style=\"color: #000000;\"><br \/>San Diego<\/span><\/em><\/strong><\/p>\n<p style=\"text-align: justify;\"><span style=\"color: #000000;\">Pretelt de la Vega y Diego Palacio, Ministro de Protecci\u00f3n Social, fueron absueltos en un pol\u00e9mico fallo del procurador Alejandro Ordo\u00f1ez, pero la Fiscal\u00eda y la Corte Suprema han seguido las pesquisas sobre la base de la declaratoria de culpabilidad por cohecho de la congresista Yidis Medina y las pruebas que sirvieron para condenar por los mismos hechos a los congresistas Teodolindo Avenda\u00f1o e Iv\u00e1n D\u00edaz Mateus.<\/span><\/p>\n<p style=\"text-align: justify;\"><span style=\"color: #000000;\">El ministro Palacio tiene sus propias cuentas pendientes. A finales de junio, la Procuradur\u00eda levant\u00f3 pliego de cargos en su contra por conflicto de intereses y graves irregularidades en la contrataci\u00f3n de los expertos que estudiaron las medidas de la Emergencia Social en salud. Tres de ellos redactaron art\u00edculos que beneficiaban a las EPS pese a que pertenec\u00edan a la junta directiva de dos de estas entidades: Nueva EPS y Salud Colpatria.<\/span><\/p>\n<p style=\"text-align: justify;\"><strong><em><span style=\"color: #000000;\"><br \/>San Andr\u00e9s y San Andr\u00e9s Felipe<\/span><\/em><\/strong><\/p>\n<p style=\"text-align: justify;\"><span style=\"color: #000000;\">Otro caso de corrupci\u00f3n en las altas esferas del poder tiene que ver con Agro Ingreso Seguro. Aunque esta semana el presidente intent\u00f3 minimizar el hecho como la acci\u00f3n de &#8220;diez colados&#8221;, en enero la Fiscal\u00eda abri\u00f3 investigaci\u00f3n preliminar al ministro de Agricultura, Andr\u00e9s Fern\u00e1ndez y al ex ministro de esa cartera, Andr\u00e9s Felipe Arias.<strong> <\/strong>La Procuradur\u00eda y la Contralor\u00eda<strong> <\/strong>tienen serios indicios de que el Ministerio no tom\u00f3 las medidas necesarias para evitar que testaferros de la mafia, familias ricas y aportantes al referendo reeleccionista terminaran beneficiados con millonarios recursos destinados a la protecci\u00f3n de los agricultores afectados por el TLC con Estados Unidos, que ni siquiera ha sido ratificado por ese pa\u00eds.<\/span><\/p>\n<p>\u00a0<\/p>\n<p style=\"text-align: justify;\"><strong><em><span style=\"color: #000000;\">San Luis Guillermo<\/span><\/em><\/strong><\/p>\n<p style=\"text-align: justify;\"><span style=\"color: #000000;\">Precisamente por irregularidades en la financiaci\u00f3n del referendo para la reelecci\u00f3n del presidente &#8211; quien no particip\u00f3 en el proceso, pero era su beneficiario- fue condenado a cuatro a\u00f1os y seis meses de prisi\u00f3n Luis Guillermo Giraldo, presidente del comit\u00e9 promotor. Falsedad ideol\u00f3gica y fraude procesal fueron los cargos que acept\u00f3 el sindicado ante un juez el pasado 22 de junio.<br \/><\/span><\/p>\n<p style=\"text-align: justify;\"><strong><em><span style=\"color: #000000;\"><br \/>San Juan Manuel<\/span><\/em><\/strong><\/p>\n<p style=\"text-align: justify;\"><span style=\"color: #000000;\">La Fiscal\u00eda investiga 1.273 casos con un total de 2.077 v\u00edctimas en 29 departamentos de los llamados falsos positivos. Seg\u00fan el presidente electo, hay casos documentados de falsos positivos desde 1984<\/span><span style=\"color: #000000;\">[11]<\/span><span style=\"color: #000000;\">, pero las cifras comenzaron a llamar la atenci\u00f3n de los organismos nacionales e internacionales en 2003 y 2004.<\/span><\/p>\n<p style=\"text-align: justify;\"><span style=\"color: #000000;\">Al a\u00f1o siguiente el ministro de Defensa, Camilo Ospina, firm\u00f3 la directiva 029 del 2005<\/span><span style=\"color: #000000;\">[12]<\/span><span style=\"color: #000000;\">, la cual se refer\u00eda a los montos ofrecidos por el gobierno por cabecillas y jefes de grupos de delincuencia ca\u00eddos en combate. Al a\u00f1o siguiente la Fiscal\u00eda dio cuenta de 274 casos de falsos positivos. En 2007 se registraron 505. Y en 2008, 156. Uribe y el presidente electo, en calidad de ministro de Defensa, llamaron en noviembre de ese a\u00f1o a calificar servicios a 27 oficiales, entre generales y coroneles, de las brigadas implicadas. En 2009 el CINEP report\u00f3 nueve casos de falsos positivos y este a\u00f1o no hay ning\u00fan caso nuevo.<br \/><\/span><\/p>\n<p style=\"text-align: justify;\"><strong><em><span style=\"color: #000000;\"><br \/>San Camilo<\/span><\/em><\/strong><\/p>\n<p style=\"text-align: justify;\"><span style=\"color: #000000;\">El Relator Especial de la ONU sobre las ejecuciones extrajudiciales, dijo durante su visita al pa\u00eds en junio de 2009 que las presuntas ejecuciones no eran hechos aislados. &#8220;<em>Fueron llevadas a cabo de una manera m\u00e1s o menos sistem\u00e1tica, por una cantidad significativa de elementos dentro del Ej\u00e9rcito<\/em>&#8220;. Hasta el momento se registran 109 resoluciones de acusaci\u00f3n formuladas, 38 casos con condena y tres sentencias absolutorias. El periodista Felipe Zuleta Lleras denunci\u00f3 a Ospina, a Santos y al general Freddy Padilla por su responsabilidad en los hechos. Ning\u00fan funcionario civil ha sido llamado a rendir testimonio u ofrecer explicaciones. Hasta el pasado mes de mayo, Ospina integr\u00f3 la terna presentada por el presidente a la Corte Suprema para elegir Fiscal General de la Naci\u00f3n.<\/span><\/p>\n<p style=\"text-align: justify;\"><strong><em><span style=\"color: #000000;\"><br \/>San Freddy<\/span><\/em><\/strong><\/p>\n<p style=\"text-align: justify;\"><span style=\"color: #000000;\">Padilla y Santos, a su vez, tienen una causa abierta ante la justicia ecuatoriana por la muerte durante la operaci\u00f3n Angustura del l\u00edder terrorista Ra\u00fal Reyes, en territorio ecuatoriano. El presidente dijo esta semana que el pa\u00eds no puede dejar desamparado al general Padilla de Le\u00f3n y reiter\u00f3 que la operaci\u00f3n fue una decisi\u00f3n de Estado.<br \/><\/span><\/p>\n<p style=\"text-align: justify;\"><strong><em><span style=\"color: #000000;\">San \u00c1lvaro<\/span><\/em><\/strong><\/p>\n<p style=\"text-align: justify;\"><span style=\"color: #000000;\">En Colombia es casi un adagio que funcionario que no salga empapelado no es funcionario. Uribe, luego de ocho a\u00f1os en el poder, podr\u00eda calificarse como el ep\u00edtome de esa constante en la historia pol\u00edtica colombiana, con una diferencia: a los presidentes los investiga el Congreso.<\/span><span style=\"color: #000000;\">[13]<\/span><\/p>\n<p style=\"text-align: justify;\"><span style=\"color: #000000;\">Y all\u00ed no es mucho lo que avanzan los procesos. Seg\u00fan un documento oficial publicado por <span style=\"text-decoration: underline;\">lasillavacia.com<\/span><\/span><span style=\"color: #000000;\">[14]<\/span><span style=\"color: #000000;\">, en la Comisi\u00f3n de Acusaciones de la C\u00e1mara reposan 185 procesos, la mayor\u00eda por delitos &#8220;sin determinar&#8221;, contra el presidente Uribe. El 91 por ciento de los procesos est\u00e1 en &#8220;preliminares&#8221;. Pero no es el \u00fanico: contra Pastrana hay 13 procesos, el m\u00e1s antiguo de 2001; contra Samper hay dos y contra Gaviria tres. Todas duermen el sue\u00f1o de los justos.<\/span><\/p>\n<p style=\"text-align: justify;\"><span style=\"color: #000000;\">Dadas estas circunstancias, es posible que el presidente haga realidad su aspiraci\u00f3n de desempolvar su tarjeta profesional de abogado, para litigar inclusive en instancias internacionales. Por lo que se ve, va a tener oportunidades de sobra para sacarle brillo en los a\u00f1os que vienen.<\/span><\/p>\n<p style=\"text-align: justify;\"><span style=\"color: #000000;\">*Profesor de la Universidad Sergio Arboleda y periodista de Razonpublica.com.<\/span><\/p>\n<p><span style=\"color: #000000;\"><\/p>\n<hr \/>\n<p><strong>Notas de pie de p\u00e1gina <\/strong><\/span><\/p>\n<p><span style=\"color: #000000;\">[1]<\/span><span style=\"color: #000000;\"> El DAS sigue grabando. Semana. S\u00e1bado 21 Febrero 2009. <\/span><span style=\"color: #000000;\">http:\/\/www.semana.com\/noticias-nacion\/das-sigue-grabando\/120991.aspx<\/span><\/p>\n<p><span style=\"color: #000000;\">[2]<\/span><span style=\"color: #000000;\"> Declaraci\u00f3n del Presidente \u00c1lvaro Uribe sobre el DAS. 26 de febrero de 2009.<strong> <\/strong><\/span><span style=\"color: #000000;\">http:\/\/web.presidencia.gov.co\/sp\/2009\/febrero\/26\/01262009.html<\/span><\/p>\n<p style=\"text-align: justify;\"><span style=\"color: #000000;\">[3]<\/span><span style=\"color: #000000;\"> Se trata de Alfredo Correa D&#8217;Andreis, Zully Esther Codina y Fernando Pisciotti. <\/span><span style=\"color: #000000;\">http:\/\/www.eltiempo.com\/colombia\/justicia\/acusacion-de-la-fiscalia-contra-jorge-noguera-por-tres-homicidios-mantuvo-la-corte-suprema_6043327-1<\/span><\/p>\n<p style=\"text-align: justify;\"><span style=\"color: #000000;\">[4]<\/span><span style=\"color: #000000;\">Jorge Noguera lo niega todo. 1 de febrero de 2010. <\/span><span style=\"color: #000000;\">http:\/\/www.verdadabierta.com\/parapolitica\/nacional\/das-gate\/2171-arranco-juicio-contra-jorge-noguera-ex-director-del-das-<\/span><\/p>\n<p style=\"text-align: justify;\"><span style=\"color: #000000;\">[5] <\/span><span style=\"color: #000000;\">http:\/\/www.elespectador.com\/noticias\/judicial\/articulo185284-uribe-sugirio-nombramiento-de-narvaez-el-das<br \/><\/span><\/p>\n<p style=\"text-align: justify;\"><span style=\"color: #000000;\">[6]<\/span><span style=\"color: #000000;\"> &#8220;\u00c9l nos dict\u00f3 una c\u00e1tedra que se llamaba \u00bfPor qu\u00e9 es l\u00edcito matar comunistas en Colombia?&#8221;S\u00e1bado 28 Febrero 2009 <\/span><span style=\"color: #000000;\">http:\/\/www.semana.com\/noticias-enfoque\/dicto-catedra-llamaba-licito-matar-comunistas-colombia\/121251.aspx<\/span><\/p>\n<p style=\"text-align: justify;\"><span style=\"color: #000000;\">[7]<\/span><span style=\"color: #000000;\"> <\/span><span style=\"color: #000000;\">http:\/\/www.noticiasuno.com\/noticias\/bejarano-y-valencia.html<\/span><\/p>\n<p style=\"text-align: justify;\"><span style=\"color: #000000;\">[8]<\/span><span style=\"color: #000000;\"> Colombian president&#8217;s brother said to have lead death squads. The Washington Post. Mayo 24, 2010. <\/span><span style=\"color: #000000;\">http:\/\/www.washingtonpost.com\/wp-dyn\/content\/article\/2010\/05\/23\/AR2010052303821.html?wprss=rss_world\/southamerica<\/span><\/p>\n<p style=\"text-align: justify;\"><span style=\"color: #000000;\">[9]<\/span><span style=\"color: #000000;\"> Hijos del presidente tienen intereses en tierras de zona franca <\/span><span style=\"color: #000000;\">http:\/\/www.noticiasuno.com\/noticias\/zona-franca-y-mosquera.html<\/span><\/p>\n<p style=\"text-align: justify;\"><span style=\"color: #000000;\">[10]<\/span><span style=\"color: #000000;\"> \u00bfD\u00f3nde est\u00e1 la declaraci\u00f3n de renta de Uribe? Gonzalo Guillen. <\/span><span style=\"color: #000000;\">http:\/\/www.unpasquin.com\/PDF-Version\/Un-Pasquin-Ed54.pdf<\/span><\/p>\n<p style=\"text-align: justify;\"><span style=\"color: #000000;\">[11<\/span><span style=\"color: #000000;\">] <\/span><span style=\"color: #000000;\">http:\/\/www.elespectador.com\/impreso\/politica\/articuloimpreso193623-falsos-positivos-vienen-1984<\/span><\/p>\n<p style=\"text-align: justify;\"><span style=\"color: #000000;\">[12]<\/span><span style=\"color: #000000;\"> <\/span><span style=\"color: #000000;\">http:\/\/www.elespectador.com\/opinion\/editorial\/articulo87344-directiva-ministerial-029-de-2005<\/span><\/p>\n<p style=\"text-align: justify;\"><span style=\"color: #000000;\">[13]<\/span><span style=\"color: #000000;\"> Art\u00edculos 175 y 178 de la Constituci\u00f3n Pol\u00edtica de Colombia.<\/span><\/p>\n<p style=\"text-align: justify;\"><span style=\"color: #000000;\">[14]<\/span><span style=\"color: #000000;\"> <\/span><span style=\"color: #000000;\">http:\/\/www.lasillavacia.com\/historia\/12350<\/span><span style=\"color: #000000;\"> 8 de mayo, 2010<\/span><\/p>\n","protected":false},"excerpt":{"rendered":"<p>[ 07\/24\/2010] [ Fuente: Raz\u00f3n P\u00fablica ] [ Autor: Rodigo Hurtado Sabogal ] S\u00edntesis de algunas de las causas pendientes en los tribunales nacionales e internacionales contra el presidente Uribe, sus familiares [&hellip;]<\/p>\n","protected":false},"author":1,"featured_media":0,"comment_status":"open","ping_status":"open","sticky":false,"template":"","format":"standard","meta":[],"categories":[3],"tags":[],"_links":{"self":[{"href":"https:\/\/tejidohistorico.afrodescendientes.com\/index.php\/wp-json\/wp\/v2\/posts\/190"}],"collection":[{"href":"https:\/\/tejidohistorico.afrodescendientes.com\/index.php\/wp-json\/wp\/v2\/posts"}],"about":[{"href":"https:\/\/tejidohistorico.afrodescendientes.com\/index.php\/wp-json\/wp\/v2\/types\/post"}],"author":[{"embeddable":true,"href":"https:\/\/tejidohistorico.afrodescendientes.com\/index.php\/wp-json\/wp\/v2\/users\/1"}],"replies":[{"embeddable":true,"href":"https:\/\/tejidohistorico.afrodescendientes.com\/index.php\/wp-json\/wp\/v2\/comments?post=190"}],"version-history":[{"count":0,"href":"https:\/\/tejidohistorico.afrodescendientes.com\/index.php\/wp-json\/wp\/v2\/posts\/190\/revisions"}],"wp:attachment":[{"href":"https:\/\/tejidohistorico.afrodescendientes.com\/index.php\/wp-json\/wp\/v2\/media?parent=190"}],"wp:term":[{"taxonomy":"category","embeddable":true,"href":"https:\/\/tejidohistorico.afrodescendientes.com\/index.php\/wp-json\/wp\/v2\/categories?post=190"},{"taxonomy":"post_tag","embeddable":true,"href":"https:\/\/tejidohistorico.afrodescendientes.com\/index.php\/wp-json\/wp\/v2\/tags?post=190"}],"curies":[{"name":"wp","href":"https:\/\/api.w.org\/{rel}","templated":true}]}}