{"id":1938,"date":"2011-06-02T23:01:47","date_gmt":"2011-06-02T23:01:47","guid":{"rendered":"http:\/\/www2.nasaacin.org\/index.php\/2011\/06\/02\/valle-del-cauca-fallecio-el-abogado-hernan-dario-escobar\/"},"modified":"2011-06-02T23:01:47","modified_gmt":"2011-06-02T23:01:47","slug":"valle-del-cauca-fallecio-el-abogado-hernan-dario-escobar","status":"publish","type":"post","link":"https:\/\/tejidohistorico.afrodescendientes.com\/index.php\/2011\/06\/02\/valle-del-cauca-fallecio-el-abogado-hernan-dario-escobar\/","title":{"rendered":"Valle del Cauca: Falleci\u00f3 el Abogado, Hern\u00e1n Dar\u00edo Escobar"},"content":{"rendered":"<p \/>La Corporaci\u00f3n Humanidad \u201cMaestra Vida\u201d lamenta el fallecimiento del Abogado, Hern\u00e1n Dar\u00edo Escobar, quien fuera v\u00edctima de un atentado con arma de fuego por parte de sicarios, el d\u00eda 13 de Mayo del presente a\u00f1o en el centro de la ciudad de Cali, Valle del Cauca, Colombia.  <!--more-->  <\/p>\n<p>Santiago de Cali, 02 de Junio de 2011<\/p>\n<p><strong>Comunicado P\u00fablico<\/strong><\/p>\n<p>Como representante de la organizaci\u00f3n defensora de Derechos Humanos, Corporaci\u00f3n Humanidad \u201cMaestra Vida\u201d y en nombre de todo nuestro equipo de trabajo lamentamos el fallecimiento del Abogado, Hern\u00e1n Dar\u00edo Escobar, quien fuera victima de un atentado con arma de fuego por parte de sicarios, el d\u00eda 13 de Mayo del presente a\u00f1o en el centro de la ciudad de Cali, Valle del Cauca, Colombia. El Abogado, Hern\u00e1n Dar\u00edo Escobar dej\u00f3 de existir a las 01:20 de la madrugada debido a las &#8220;complicaciones en los pulmones y los ri\u00f1ones como consecuencia de las lesiones&#8221; seg\u00fan lo se\u00f1al\u00f3 una fuente del Hospital Universitario del Valle. Compartimos nuestra voz de condolencia y acompa\u00f1amos el dolor que hoy viven sus hijos, toda su familia y su equipo de trabajo Escobar Asociados Abogados.<\/p>\n<p>En nombre de la Corporaci\u00f3n Humanidad \u201cMaestra Vida\u201d y como defendido del Abogado, Hern\u00e1n Dar\u00edo Escobar, exijo de parte de las autoridades del orden local y nacional que se presenten los resultados de las investigaciones de \u00e9ste hecho. Que se garantice la seguridad y se brinde la protecci\u00f3n a su hijo, el Abogado, Carlos Hern\u00e1n Escobar y a su equipo de profesionales amenazados a trav\u00e9s de un mensaje an\u00f3nimo el d\u00eda 20 de Mayo. Exhortamos a los medios de comunicaci\u00f3n a informar de manera objetiva estos hechos, a no afectar de forma parcial la opini\u00f3n p\u00fablica y la tarea de las autoridades competentes en su labor de investigaci\u00f3n y presentaci\u00f3n de resultados que conlleven al esclarecimiento de \u00e9ste lamentable suceso.<\/p>\n<p>De la misma manera exijo garant\u00edas para la defensa del proceso que se lleva en contra de los trabajadores corteros de ca\u00f1a Omar Enrique Sedano, Oscar de Jes\u00fas Bedoya, Ra\u00fal Chac\u00f3n, Jos\u00e9 Oney Valencia y los acompa\u00f1antes Alberto Bejarano y quien suscribe \u00e9ste comunicado p\u00fablico, Juan Pablo Ochoa, quienes cont\u00e1bamos con el concurso del Abogado Escobar y su equipo de trabajo como apoderados de confianza.<\/p>\n<p>Para su difusi\u00f3n,<\/p>\n<p><strong>Juan Pablo Ochoa<\/strong><br \/>Representante Corporaci\u00f3n Humanidad \u201cMaestra Vida\u201d<\/p>\n","protected":false},"excerpt":{"rendered":"<p>La Corporaci\u00f3n Humanidad \u201cMaestra Vida\u201d lamenta el fallecimiento del Abogado, Hern\u00e1n Dar\u00edo Escobar, quien fuera v\u00edctima de un atentado con arma de fuego por parte de sicarios, el d\u00eda 13 de Mayo [&hellip;]<\/p>\n","protected":false},"author":2,"featured_media":0,"comment_status":"open","ping_status":"open","sticky":false,"template":"","format":"standard","meta":[],"categories":[61],"tags":[],"_links":{"self":[{"href":"https:\/\/tejidohistorico.afrodescendientes.com\/index.php\/wp-json\/wp\/v2\/posts\/1938"}],"collection":[{"href":"https:\/\/tejidohistorico.afrodescendientes.com\/index.php\/wp-json\/wp\/v2\/posts"}],"about":[{"href":"https:\/\/tejidohistorico.afrodescendientes.com\/index.php\/wp-json\/wp\/v2\/types\/post"}],"author":[{"embeddable":true,"href":"https:\/\/tejidohistorico.afrodescendientes.com\/index.php\/wp-json\/wp\/v2\/users\/2"}],"replies":[{"embeddable":true,"href":"https:\/\/tejidohistorico.afrodescendientes.com\/index.php\/wp-json\/wp\/v2\/comments?post=1938"}],"version-history":[{"count":0,"href":"https:\/\/tejidohistorico.afrodescendientes.com\/index.php\/wp-json\/wp\/v2\/posts\/1938\/revisions"}],"wp:attachment":[{"href":"https:\/\/tejidohistorico.afrodescendientes.com\/index.php\/wp-json\/wp\/v2\/media?parent=1938"}],"wp:term":[{"taxonomy":"category","embeddable":true,"href":"https:\/\/tejidohistorico.afrodescendientes.com\/index.php\/wp-json\/wp\/v2\/categories?post=1938"},{"taxonomy":"post_tag","embeddable":true,"href":"https:\/\/tejidohistorico.afrodescendientes.com\/index.php\/wp-json\/wp\/v2\/tags?post=1938"}],"curies":[{"name":"wp","href":"https:\/\/api.w.org\/{rel}","templated":true}]}}