{"id":205,"date":"2010-06-01T20:19:13","date_gmt":"2010-06-01T20:19:13","guid":{"rendered":"http:\/\/www2.nasaacin.org\/index.php\/2010\/06\/01\/tlc-entre-ue-y-colombia-una-firma-inoportuna-contraproducente-e-irresponsable\/"},"modified":"2010-06-01T20:19:13","modified_gmt":"2010-06-01T20:19:13","slug":"tlc-entre-ue-y-colombia-una-firma-inoportuna-contraproducente-e-irresponsable","status":"publish","type":"post","link":"https:\/\/tejidohistorico.afrodescendientes.com\/index.php\/2010\/06\/01\/tlc-entre-ue-y-colombia-una-firma-inoportuna-contraproducente-e-irresponsable\/","title":{"rendered":"TLC entre UE y Colombia: una firma inoportuna, contraproducente e irresponsable"},"content":{"rendered":"<p style=\"text-align: justify;\">Las organizaciones europeas de derechos humanos, desarrollo, Iglesias y solidaridad que formamos parte de la Oficina Internacional para los Derechos Humanos \u2013 Acci\u00f3n Colombia (OIDHACO), consideramos que la r\u00fabrica del acuerdo comercial entre la Uni\u00f3n Europea (UE) y Colombia, oficializada en Madrid el pasado 18 de mayo, es un paso en la direcci\u00f3n equivocada, que adem\u00e1s ignora los llamados que hemos realizado junto con muchos sectores sociales de Colombia y Europa. Mientras se concluye el tratado de libre comercio (TLC) con Colombia, defensores de derechos humanos siguen siendo blancos de asesinatos en varios departamentos del pa\u00eds.<\/p>\n<p>  <!--more-->  <\/p>\n<p>\u00a0<\/p>\n<p>\u00a0<\/p>\n<p>A la vez, hay evidencias de que el servicio de inteligencia colombiano, Departamento Administrativo de Seguridad (DAS), estuvo espiando ciudadanos europeos, representantes de la Naciones Unidas y de la UE, y los gobiernos nacionales de aquellos mismos pa\u00edses que piensan favorecer los derechos humanos firmando el TLC con Colombia.<\/p>\n<p>Rubricando el acuerdo comercial, la UE est\u00e1 desaprovechando una  ocasi\u00f3n \u00fanica para incidir en las pol\u00edticas colombianas de derechos  humanos. La inclusi\u00f3n en el tratado de una cl\u00e1usula democr\u00e1tica no  significa que la UE quiera incidir en la crisis permanente de derechos  humanos en Colombia; s\u00f3lo permite reaccionar frente a un empeoramiento  de esta grave situaci\u00f3n y envia el mensaje de que la situaci\u00f3n actual es  aceptable.<\/p>\n<p>En los mismos d\u00edas de la r\u00fabrica del acuerdo  comercial, en Colombia, ocurrieron nuevamente asesinatos que demuestran  la falta de garant\u00edas y la inoperancia de las medidas de protecci\u00f3n que  siguen existiendo en el pa\u00eds frente al trabajo de las personas  defensoras de derechos humanos.<\/p>\n<p><strong>Rechazamos los nuevos asesinatos de defensores de derechos humanos y de un sindicalista <\/strong><\/p>\n<p>El  17 de mayo, el sindicalista colombiano Francisco Antonio ABELLO REBOLLO  fue asesinado, mientras defend\u00eda los derechos de los trabajadores de  una plantaci\u00f3n de palma de aceite en el departamento del Magdalena.<\/p>\n<p>El  18 de mayo, el destacado defensor Rogelio MART\u00cdNEZ MERCADO,\u00a0 que  lideraba el proceso de retorno de numerosas familias desplazadas por  grupos paramilitares a su finca La Alemania, era asesinato en el  departamento de Sucre, Colombia. Era miembro del Movimiento Nacional de  V\u00edctimas de Cr\u00edmenes de Estado (MOVICE) \u2013 cap\u00edtulo Sucre, que ha  recibido m\u00e1s de 50 agresiones desde 2006.<\/p>\n<p>El 23 de mayo,  Alexander QUINTERO, coordinador de la asociaci\u00f3n de v\u00edctimas de la  masacre del r\u00edo Naya, ocurrida en abril de 2001, fue baleado por  sicarios en el municipio de Santander de Quilichao, Cauca. Quintero  coordinaba el proceso de verdad, justicia y reparaci\u00f3n de las victimas  del desarraigo, promov\u00eda el retorno de los desplazados y la restituci\u00f3n  de sus tierras.<\/p>\n<p><strong>El DAS: persecuci\u00f3n y espionaje en el coraz\u00f3n de Europa <\/strong><\/p>\n<p>Dentro  del marco de las investigaciones que adelanta la justicia colombiana  por la sistem\u00e1tica pol\u00edtica de persecuci\u00f3n ilegal a miles de personas  colombianas, la prensa recientemente revel\u00f3 que las actividades del  servicio de inteligencia colombiano sobrepasaron las fronteras  nacionales.<\/p>\n<p>La llamada Operaci\u00f3n Europa cre\u00f3 varias redes de  espionaje encargadas de vigilar, filmar o grabar a los presuntos  enemigos u opositores del gobierno e identific\u00f3 como blancos de sus  actividades ilegales a la Sub Comisi\u00f3n de Derechos Humanos del  Parlamento Europeo, al sistema jur\u00eddico europeo, a la Oficina de la Alta  Comisionada de Derechos Humanos de la ONU y a algunos gobiernos  europeos. La estrategia, orientada a desprestigiar, sabotear\u00a0 y  adelantar una verdadera guerra jur\u00eddica contra las voces cr\u00edticas,  tambi\u00e9n incluy\u00f3 la infiltraci\u00f3n en seminarios, foros y talleres  organizados por la sociedad civil.<\/p>\n<p>Estando el DAS bajo la  direcci\u00f3n y control del Presidente de la Rep\u00fablica, resulta dif\u00edcil  creer que el presidente no conociera la existencia de esta pol\u00edtica  sistem\u00e1tica de persecuci\u00f3n ilegal y que el DAS actu\u00f3 aut\u00f3nomamente. Tres  funcionarios del despacho presidencial est\u00e1n ahora investigados por su  presunta participaci\u00f3n en este esc\u00e1ndalo pero, hasta la fecha, no ha  habido renuncias ni disculpas p\u00fablicas. <\/p>\n<p><strong>Ante estos hechos, pedimos a la UE que<\/strong><\/p>\n<p> 1. Se pronuncie p\u00fablicamente sobre los asesinatos de Mart\u00ednez, Abello y  Quintero y que exija al gobierno colombiano la adopci\u00f3n, de manera  prioritaria, de las recomendaciones, hasta la fecha incumplidas, de la  Campa\u00f1a Internacional &#8220;Colombia: defensores de derechos humanos bajo  amenazas&#8221;, elaboradas por un colectivo de 275 organizaciones de 26  pa\u00edses.<br \/> 2. Rechace p\u00fablicamente las pr\u00e1cticas del DAS, que  investigue sus actuaciones en Europa y establezca si estuvieron apoyadas  por algunos servicios de inteligencia de los estados miembros.<br \/> 3.  Suspenda los tr\u00e1mites de aprobaci\u00f3n del TLC que est\u00e1 concluyendo con  Colombia y que ponga los derechos humanos por encima de los intereses  econ\u00f3micos en las relaciones con este pa\u00eds.<\/p>\n<p><strong>Bruselas, 26 de mayo de 2010<\/strong><\/p>\n","protected":false},"excerpt":{"rendered":"<p>Las organizaciones europeas de derechos humanos, desarrollo, Iglesias y solidaridad que formamos parte de la Oficina Internacional para los Derechos Humanos \u2013 Acci\u00f3n Colombia (OIDHACO), consideramos que la r\u00fabrica del acuerdo comercial [&hellip;]<\/p>\n","protected":false},"author":1,"featured_media":0,"comment_status":"open","ping_status":"open","sticky":false,"template":"","format":"standard","meta":[],"categories":[3],"tags":[],"_links":{"self":[{"href":"https:\/\/tejidohistorico.afrodescendientes.com\/index.php\/wp-json\/wp\/v2\/posts\/205"}],"collection":[{"href":"https:\/\/tejidohistorico.afrodescendientes.com\/index.php\/wp-json\/wp\/v2\/posts"}],"about":[{"href":"https:\/\/tejidohistorico.afrodescendientes.com\/index.php\/wp-json\/wp\/v2\/types\/post"}],"author":[{"embeddable":true,"href":"https:\/\/tejidohistorico.afrodescendientes.com\/index.php\/wp-json\/wp\/v2\/users\/1"}],"replies":[{"embeddable":true,"href":"https:\/\/tejidohistorico.afrodescendientes.com\/index.php\/wp-json\/wp\/v2\/comments?post=205"}],"version-history":[{"count":0,"href":"https:\/\/tejidohistorico.afrodescendientes.com\/index.php\/wp-json\/wp\/v2\/posts\/205\/revisions"}],"wp:attachment":[{"href":"https:\/\/tejidohistorico.afrodescendientes.com\/index.php\/wp-json\/wp\/v2\/media?parent=205"}],"wp:term":[{"taxonomy":"category","embeddable":true,"href":"https:\/\/tejidohistorico.afrodescendientes.com\/index.php\/wp-json\/wp\/v2\/categories?post=205"},{"taxonomy":"post_tag","embeddable":true,"href":"https:\/\/tejidohistorico.afrodescendientes.com\/index.php\/wp-json\/wp\/v2\/tags?post=205"}],"curies":[{"name":"wp","href":"https:\/\/api.w.org\/{rel}","templated":true}]}}