{"id":208,"date":"2010-06-03T20:43:50","date_gmt":"2010-06-03T20:43:50","guid":{"rendered":"http:\/\/www2.nasaacin.org\/index.php\/2010\/06\/03\/solidaridad-con-la-marcha-de-los-campesinos-contra-la-monsanto\/"},"modified":"2010-06-03T20:43:50","modified_gmt":"2010-06-03T20:43:50","slug":"solidaridad-con-la-marcha-de-los-campesinos-contra-la-monsanto","status":"publish","type":"post","link":"https:\/\/tejidohistorico.afrodescendientes.com\/index.php\/2010\/06\/03\/solidaridad-con-la-marcha-de-los-campesinos-contra-la-monsanto\/","title":{"rendered":"Solidaridad con la marcha de los campesinos contra la Monsanto"},"content":{"rendered":"<p style=\"text-align: justify;\">Profunda indignaci\u00f3n y preocupaci\u00f3n provoc\u00f3 en los movimientos sociales  que componen la V\u00eda Campesina Brasil la noticia del regalo mortal que  Monsanto est\u00e1 ofreciendo a los campesinos y campesinas haitianos.<\/p>\n<p>  <!--more-->  <\/p>\n<p>\u00a0<\/p>\n<p>Indignaci\u00f3n por saber que las terribles consecuencias del terremoto  que asol\u00f3 a Hait\u00ed el 12 de enero del 2010 &#8211; que dej\u00f3 m\u00e1s de 300 mil  muertos y millones de desamparados \u2013 est\u00e1n siendo utilizadas como  pretexto para el ingreso en suelo haitiano de esta multinacional  estadounidense que es l\u00edder mundial en el mercado de semillas y que  produce m\u00e1s del 90% de todos los transg\u00e9nicos plantados en el mundo.<\/p>\n<p>La  donaci\u00f3n de las 475 toneladas de semillas de ma\u00edz y hortalizas puede  ser publicitada como una acci\u00f3n de generosidad de la Monsanto con el  pueblo haitiano. Pero conociendo el historial de esta multinacional,  como la conocemos quienes pertenecemos a la V\u00eda Campesina Brasil,  tenemos la certeza que se trata de una infame t\u00e1ctica empresarial para  el aumento inescrupuloso de sus ganancias. Ganancias que obtendr\u00e1n a  costa de la explotaci\u00f3n de familias campesinas as\u00ed como tambi\u00e9n a fuerza  de destrucci\u00f3n de la soberan\u00eda alimentaria de Hait\u00ed.<\/p>\n<p>Preocupaci\u00f3n  por ver en este regalo mortal una tr\u00e1gica repetici\u00f3n de lo que ocurri\u00f3  en nuestro pa\u00eds en la \u00faltima d\u00e9cada. En menos de 10 a\u00f1os, la  multinacional Monsanto inici\u00f3 un proceso de contrabando de semillas  transg\u00e9nicas y su introducci\u00f3n clandestina a Brasil. Cuando las  autoridades brasileras resolvieron tomar medidas, hab\u00eda ya decenas de  miles de agricultores utilizando las semillas gen\u00e9ticamente modificadas  de forma ilegal.<\/p>\n<p>A pesar de las protestas y las fuertes  movilizaciones de los movimientos sociales, el gobierno brasile\u00f1o da  muestras de su subordinaci\u00f3n y aprueba el cultivo de 4,5 millones de  hect\u00e1reas cultivadas ilegalmente con semillas transg\u00e9nicas de la  Monsanto. Resultado: Hoy d\u00eda Brasil es el segundo pa\u00eds que m\u00e1s planta  semillas transg\u00e9nicas en todo el mundo. Con un \u00e1rea cultivada de m\u00e1s de  21 millones de hect\u00e1reas esta atr\u00e1s solo de EEUU. 55% de las semillas  plantadas en el pa\u00eds son transg\u00e9nicas. Monopolizado este mercado \u2013 la  trasnacional controla el 70% del mercado nacional &#8211; Monsanto est\u00e1 en  libertad para imponer sus precios a los campesinos.<\/p>\n<p>Adem\u00e1s, todo  campesino que planta semillas transg\u00e9nicas de la Monsanto se ve  obligado a pagar \u2018royalties\u2019, o sea, un porcentaje de la cosecha se  entrega a la empresa productora de semillas transg\u00e9nicas. Otro factor es  que los productores no pueden replantar las semillas, siendo obligados a  comprar para cada siembra nuevas semillas a la Monsanto. Esto viola  gravemente la soberan\u00eda alimentaria y la autonom\u00eda de los campesinos.<\/p>\n<p>Junto  con las semillas transg\u00e9nicas, Monsanto tiene tambi\u00e9n su paquete de  agro t\u00f3xicos. Sus semillas son alteradas gen\u00e9ticamente para soportar los  efectos da\u00f1inos de los herbicidas y pesticidas. El m\u00e1s famoso de ellos  es el \u2018Roundup\u2019, un peligroso veneno acusado de ser agente cancer\u00edgeno y  prohibido en varios pa\u00edses. Lamentablemente en Brasil el Roundup es  comercializado libremente. Somos tambi\u00e9n el mayor consumidor en el mundo  de venenos (en la zafra pasada se consumieron 1 billon de litros de  agro t\u00f3xicos): una temible raci\u00f3n de 5 litros de veneno por habitante.  Esto degrada nuestros suelos, afecta a las capas subterr\u00e1neas de agua,  contamina las lluvias y por ende nuestros alimentos. La ANVISA (Agencia  Nacional de Vigilancia Sanitaria) y el Instituto Nacional de C\u00e1ncer han  alertado acerca del aumento de casos de c\u00e1ncer en el pa\u00eds, directamente  ligados al creciente uso de agro t\u00f3xicos.<\/p>\n<p>Los movimientos que  integramos la V\u00eda Campesina Brasil defendemos y luchamos por la  soberan\u00eda alimentaria del pueblo brasile\u00f1o y de todos los pueblos del  mundo, incluido el de Hait\u00ed. Nuestro compromiso solidario con el pueblo  haitiano se lleva a cabo a trav\u00e9s de nuestra Brigada Dessalines de  Solidaridad con el Pueblo Haitiano, compuesta por m\u00e1s de 30 campesinos y  campesinas brasile\u00f1os\/as que desde el 2009 est\u00e1n en suelo haitiano  trabajando en conjunto con los movimientos campesinos en la construcci\u00f3n  de un Hait\u00ed m\u00e1s justo y soberano.<\/p>\n<p>No podemos permitir que la  cat\u00e1strofe del 12 de enero sea utilizada como pretexto para abrir las  puertas de Hait\u00ed a los intereses mercantiles de multinacionales  delincuentes como Monsanto. Adem\u00e1s de una ileg\u00edtima y violenta ocupaci\u00f3n  llevada a cabo hace seis a\u00f1os por tropas de la MINUSTAH-  vergonzosamente liderada por el ej\u00e9rcito brasile\u00f1o- y teniendo que  lidiar con los desaf\u00edos de reconstrucci\u00f3n el pa\u00eds, el pueblo de Hait\u00ed no  puede sufrir este nuevo terremoto social que representar\u00eda el ingreso  de semillas transg\u00e9nicas.<\/p>\n<p>Es por ello que manifestamos nuestro  irrestricto apoyo a las movilizaciones que se desarrollar\u00e1n el 4 de  junio del 2010 en la regi\u00f3n de Papay, en el departamento Central de  Hait\u00ed, con el objetivo de denunciar y combatir la entrada de la  multinacional Monsanto y sus semillas transg\u00e9nicas al pa\u00eds. Esperamos  que esta sea la primera de muchas otras manifestaciones que impidan los  planes de muerte de Monsanto y del capitalismo neoliberal en Hait\u00ed.<\/p>\n<p>Toda  nuestra solidaridad con el pueblo luchador de Hait\u00ed, heredero de la  fuerza y el coraje de Cap\u00f3is La Mort, Toussaint Louverture, Alexander  Petion, Henri Kristophe e Jean Jacques Dessalines, \u00a1primeros  libertadores de Nuestra Am\u00e9rica!<\/p>\n","protected":false},"excerpt":{"rendered":"<p>Profunda indignaci\u00f3n y preocupaci\u00f3n provoc\u00f3 en los movimientos sociales que componen la V\u00eda Campesina Brasil la noticia del regalo mortal que Monsanto est\u00e1 ofreciendo a los campesinos y campesinas haitianos.<\/p>\n","protected":false},"author":1,"featured_media":0,"comment_status":"open","ping_status":"open","sticky":false,"template":"","format":"standard","meta":[],"categories":[3],"tags":[],"_links":{"self":[{"href":"https:\/\/tejidohistorico.afrodescendientes.com\/index.php\/wp-json\/wp\/v2\/posts\/208"}],"collection":[{"href":"https:\/\/tejidohistorico.afrodescendientes.com\/index.php\/wp-json\/wp\/v2\/posts"}],"about":[{"href":"https:\/\/tejidohistorico.afrodescendientes.com\/index.php\/wp-json\/wp\/v2\/types\/post"}],"author":[{"embeddable":true,"href":"https:\/\/tejidohistorico.afrodescendientes.com\/index.php\/wp-json\/wp\/v2\/users\/1"}],"replies":[{"embeddable":true,"href":"https:\/\/tejidohistorico.afrodescendientes.com\/index.php\/wp-json\/wp\/v2\/comments?post=208"}],"version-history":[{"count":0,"href":"https:\/\/tejidohistorico.afrodescendientes.com\/index.php\/wp-json\/wp\/v2\/posts\/208\/revisions"}],"wp:attachment":[{"href":"https:\/\/tejidohistorico.afrodescendientes.com\/index.php\/wp-json\/wp\/v2\/media?parent=208"}],"wp:term":[{"taxonomy":"category","embeddable":true,"href":"https:\/\/tejidohistorico.afrodescendientes.com\/index.php\/wp-json\/wp\/v2\/categories?post=208"},{"taxonomy":"post_tag","embeddable":true,"href":"https:\/\/tejidohistorico.afrodescendientes.com\/index.php\/wp-json\/wp\/v2\/tags?post=208"}],"curies":[{"name":"wp","href":"https:\/\/api.w.org\/{rel}","templated":true}]}}