{"id":2093,"date":"2011-07-09T20:35:35","date_gmt":"2011-07-09T20:35:35","guid":{"rendered":"http:\/\/www2.nasaacin.org\/index.php\/2011\/07\/09\/cauca-las-farc-y-el-ejercito-combanten-en-medio-de-la-poblacion-civil-de-toribio\/"},"modified":"2011-07-09T20:35:35","modified_gmt":"2011-07-09T20:35:35","slug":"cauca-las-farc-y-el-ejercito-combanten-en-medio-de-la-poblacion-civil-de-toribio","status":"publish","type":"post","link":"https:\/\/tejidohistorico.afrodescendientes.com\/index.php\/2011\/07\/09\/cauca-las-farc-y-el-ejercito-combanten-en-medio-de-la-poblacion-civil-de-toribio\/","title":{"rendered":"Cauca: Las Farc y el ej\u00e9rcito combanten en medio de la poblaci\u00f3n civil de Toribio"},"content":{"rendered":"<p>Ante la cr\u00edtica situaci\u00f3n de orden publico en el Norte del Cauca, espec\u00edficamente en los municipios de Toribio,\u00a0 Corinto, Caldono, Caloto, La Asociaci\u00f3n de Cabildos Ind\u00edgenas del Norte del Cauca ACIN \u2013 CXHAB WALA KIWE informa a la opini\u00f3n p\u00fablica nacional e internacional que:<\/p>\n<p>  <!--more-->  <\/p>\n<p>\u00a0<\/p>\n<p>Desde las 9:30 a.m del d\u00eda 09 de julio del a\u00f1o 2011 se presentan fuertes\u00a0 combates en el \u00e1rea urbana de Toribio y Corinto entre la guerrilla de las FARC y el Ej\u00e9rcito nacional. Los hechos se presentaron en pleno d\u00eda de mercado, de manera que las personas que se encuentran haciendo el mercado quedaron atrapadas en medio del fuego cruzado. La ACIN hace un fuerte pronunciamiento ante este hecho de\u00a0 guerra; todo indica que el prop\u00f3sito era afectar el mayor n\u00famero de civiles. <\/p>\n<p>La informaci\u00f3n entregada por la Guardia y las autoridades ind\u00edgenas de Toribio se\u00f1alan que como resultado de este hecho de violencia resultaron muertos los comuneros JESUS MU\u00d1OZ y DIEGO FERNANDO PENAGOS, de la misma forma resultaron heridos 78 personas (43 hombre y 35 mujeres) entre menores y adultos. Al parecer un carro bomba fue explotado en el centro de la poblaci\u00f3n ya que los bomberos voluntarios han encontrado restos met\u00e1licos esparcidos por todo el lugar. <\/p>\n<p><img loading=\"lazy\" class=\" alignright size-full wp-image-2092\" src=\"http:\/\/www2.nasaacin.org\/wp-content\/uploads\/2011\/07\/toribiocauca5.jpg\" border=\"0\" title=\"toribio-cauca\" align=\"right\" width=\"256\" height=\"192\" \/>En el \u00e1rea urbana de Corinto se presentaron 3 civiles heridos cuyos nombres responde a los nombres de LUZ MERY GRANADA, DANIELA RODAS Y UNA PERSONA DE NOMBRE LUIS, as\u00ed como 5 polic\u00edas heridos de gravedad. Los da\u00f1os materiales fueron cuantiosos y en estos momentos se registran fuertes enfrentamientos en la parte alta de esta poblaci\u00f3n. Los heridos son atendidos en el Hospital local de esta localidad.<\/p>\n<p>En el Corregimiento de Mondomo municipio de Santander de Quilichao se presentaron dos heridos cuyos nombres responde a los nombres de DANEL IVAN PILLINUE y WILMER ORLANDO PEREZ resultado del hostigamiento al puesto de Polic\u00eda por parte de la guerrilla de las FARC, en el momento aun se registran combates en el \u00e1rea. Los heridos fueron remitidos al Hospital Francisco de Paula Santander.<\/p>\n<p>La situaci\u00f3n m\u00e1s grave se registra en Toribio, las FARC dispararon tatucos y pipetas (cohetes no convencionales) que impactaron en casas y establecimientos p\u00fablicos, un artefacto exploto en la Casa de la Cultura donde en esos momentos los adultos mayores recib\u00edan sus raciones, otros artefactos explotaron en la sede del Proyecto Nasa y en la sede del Cabildo en momentos que el publico era atendido. <\/p>\n<p>La poblaci\u00f3n de Toribio que alcanzaron a salir en medio de las confrontaciones se encuentran albergadas en los Sitios de Asamblea Permanente S.A.P (zonas humanitarias) ubicado en el Manzano y el CECIDIC ubicado a 2 kil\u00f3metros del \u00e1rea urbana sobre la salida a Jambal\u00f3 a donde tratan de llegar varias comisiones humanitarias que salieron de la ACIN para atender a la poblaci\u00f3n. <\/p>\n<p>Exigimos a los actores armados (Ej\u00e9rcito y guerrilla) suspender de manera inmediata los enfrentamientos en medio de la poblaci\u00f3n civil. Exigimos garantizar la movilidad de la gente que se desplaza a los Sitios de Asamblea Permanente. <\/p>\n<p>Llamamos a todas las personas e instituciones amigas para que se pronuncien.<\/p>\n<p><strong>ASOCIACION DE CABILDOS INDIGENAS DEL NORTE DEL CAUCA ACIN \u2013 CXHAB WALA KIWE Y AUTORIDADES INDIGENAS QUE LA CONFORMAN.<\/strong><\/p>\n<p>Santander de Quilichao Cauca, Julio 09 de 2011. 3:10 p.m<\/p>\n","protected":false},"excerpt":{"rendered":"<p>Ante la cr\u00edtica situaci\u00f3n de orden publico en el Norte del Cauca, espec\u00edficamente en los municipios de Toribio,\u00a0 Corinto, Caldono, Caloto, La Asociaci\u00f3n de Cabildos Ind\u00edgenas del Norte del Cauca ACIN \u2013 [&hellip;]<\/p>\n","protected":false},"author":2,"featured_media":2091,"comment_status":"open","ping_status":"open","sticky":false,"template":"","format":"standard","meta":[],"categories":[75],"tags":[],"_links":{"self":[{"href":"https:\/\/tejidohistorico.afrodescendientes.com\/index.php\/wp-json\/wp\/v2\/posts\/2093"}],"collection":[{"href":"https:\/\/tejidohistorico.afrodescendientes.com\/index.php\/wp-json\/wp\/v2\/posts"}],"about":[{"href":"https:\/\/tejidohistorico.afrodescendientes.com\/index.php\/wp-json\/wp\/v2\/types\/post"}],"author":[{"embeddable":true,"href":"https:\/\/tejidohistorico.afrodescendientes.com\/index.php\/wp-json\/wp\/v2\/users\/2"}],"replies":[{"embeddable":true,"href":"https:\/\/tejidohistorico.afrodescendientes.com\/index.php\/wp-json\/wp\/v2\/comments?post=2093"}],"version-history":[{"count":0,"href":"https:\/\/tejidohistorico.afrodescendientes.com\/index.php\/wp-json\/wp\/v2\/posts\/2093\/revisions"}],"wp:featuredmedia":[{"embeddable":true,"href":"https:\/\/tejidohistorico.afrodescendientes.com\/index.php\/wp-json\/wp\/v2\/media\/2091"}],"wp:attachment":[{"href":"https:\/\/tejidohistorico.afrodescendientes.com\/index.php\/wp-json\/wp\/v2\/media?parent=2093"}],"wp:term":[{"taxonomy":"category","embeddable":true,"href":"https:\/\/tejidohistorico.afrodescendientes.com\/index.php\/wp-json\/wp\/v2\/categories?post=2093"},{"taxonomy":"post_tag","embeddable":true,"href":"https:\/\/tejidohistorico.afrodescendientes.com\/index.php\/wp-json\/wp\/v2\/tags?post=2093"}],"curies":[{"name":"wp","href":"https:\/\/api.w.org\/{rel}","templated":true}]}}