{"id":2103,"date":"2011-07-11T18:10:46","date_gmt":"2011-07-11T18:10:46","guid":{"rendered":"http:\/\/www2.nasaacin.org\/index.php\/2011\/07\/11\/panama-a-dos-anos-del-gobierno-de-ricardo-martinelli\/"},"modified":"2011-07-11T18:10:46","modified_gmt":"2011-07-11T18:10:46","slug":"panama-a-dos-anos-del-gobierno-de-ricardo-martinelli","status":"publish","type":"post","link":"https:\/\/tejidohistorico.afrodescendientes.com\/index.php\/2011\/07\/11\/panama-a-dos-anos-del-gobierno-de-ricardo-martinelli\/","title":{"rendered":"Panam\u00e1: A dos a\u00f1os del gobierno de Ricardo Martinelli"},"content":{"rendered":"<p>A dos a\u00f1os de la toma de posesi\u00f3n del presidente Ricardo Martinelli, y a un a\u00f1o de la sangrienta y criminal agresi\u00f3n del gobierno de \u00e9ste a los hermanos Ng\u00e4bes en Changuinola, el Congreso General Guna quiere manifestar a la opini\u00f3n p\u00fablica nacional e internacional su indignaci\u00f3n.<\/p>\n","protected":false},"excerpt":{"rendered":"<p>A dos a\u00f1os de la toma de posesi\u00f3n del presidente Ricardo Martinelli, y a un a\u00f1o de la sangrienta y criminal agresi\u00f3n del gobierno de \u00e9ste a los hermanos Ng\u00e4bes en Changuinola, [&hellip;]<\/p>\n","protected":false},"author":2,"featured_media":0,"comment_status":"open","ping_status":"open","sticky":false,"template":"","format":"standard","meta":[],"categories":[61],"tags":[],"_links":{"self":[{"href":"https:\/\/tejidohistorico.afrodescendientes.com\/index.php\/wp-json\/wp\/v2\/posts\/2103"}],"collection":[{"href":"https:\/\/tejidohistorico.afrodescendientes.com\/index.php\/wp-json\/wp\/v2\/posts"}],"about":[{"href":"https:\/\/tejidohistorico.afrodescendientes.com\/index.php\/wp-json\/wp\/v2\/types\/post"}],"author":[{"embeddable":true,"href":"https:\/\/tejidohistorico.afrodescendientes.com\/index.php\/wp-json\/wp\/v2\/users\/2"}],"replies":[{"embeddable":true,"href":"https:\/\/tejidohistorico.afrodescendientes.com\/index.php\/wp-json\/wp\/v2\/comments?post=2103"}],"version-history":[{"count":0,"href":"https:\/\/tejidohistorico.afrodescendientes.com\/index.php\/wp-json\/wp\/v2\/posts\/2103\/revisions"}],"wp:attachment":[{"href":"https:\/\/tejidohistorico.afrodescendientes.com\/index.php\/wp-json\/wp\/v2\/media?parent=2103"}],"wp:term":[{"taxonomy":"category","embeddable":true,"href":"https:\/\/tejidohistorico.afrodescendientes.com\/index.php\/wp-json\/wp\/v2\/categories?post=2103"},{"taxonomy":"post_tag","embeddable":true,"href":"https:\/\/tejidohistorico.afrodescendientes.com\/index.php\/wp-json\/wp\/v2\/tags?post=2103"}],"curies":[{"name":"wp","href":"https:\/\/api.w.org\/{rel}","templated":true}]}}