{"id":2107,"date":"2011-07-12T16:12:46","date_gmt":"2011-07-12T16:12:46","guid":{"rendered":"http:\/\/www2.nasaacin.org\/index.php\/2011\/07\/12\/mandato-del-ix-congreso-regional-indigena-del-departamento-del-choco\/"},"modified":"2011-07-12T16:12:46","modified_gmt":"2011-07-12T16:12:46","slug":"mandato-del-ix-congreso-regional-indigena-del-departamento-del-choco","status":"publish","type":"post","link":"https:\/\/tejidohistorico.afrodescendientes.com\/index.php\/2011\/07\/12\/mandato-del-ix-congreso-regional-indigena-del-departamento-del-choco\/","title":{"rendered":"Mandato del IX Congreso Regional Ind\u00edgena del Departamento del Choc\u00f3"},"content":{"rendered":"<p>Desde la sabidur\u00eda y la resistencia ancestral que hemos heredado de nuestros mayores, los pueblos Ind\u00edgenas que hacemos parte de la Asociaci\u00f3n de Cabildos Ind\u00edgenas del Choc\u00f3 \u2013 OREWA, nos encontramos en la ciudad de Quibd\u00f3 Choc\u00f3 del 25 al 30 de junio del 2011 en el 9\u00ba Congreso Ind\u00edgena del Choc\u00f3 para el fortalecimiento de la Autonom\u00eda Territorial y nuestro Gobierno Ind\u00edgena.<\/p>\n","protected":false},"excerpt":{"rendered":"<p>Desde la sabidur\u00eda y la resistencia ancestral que hemos heredado de nuestros mayores, los pueblos Ind\u00edgenas que hacemos parte de la Asociaci\u00f3n de Cabildos Ind\u00edgenas del Choc\u00f3 \u2013 OREWA, nos encontramos en [&hellip;]<\/p>\n","protected":false},"author":2,"featured_media":0,"comment_status":"open","ping_status":"open","sticky":false,"template":"","format":"standard","meta":[],"categories":[61],"tags":[],"_links":{"self":[{"href":"https:\/\/tejidohistorico.afrodescendientes.com\/index.php\/wp-json\/wp\/v2\/posts\/2107"}],"collection":[{"href":"https:\/\/tejidohistorico.afrodescendientes.com\/index.php\/wp-json\/wp\/v2\/posts"}],"about":[{"href":"https:\/\/tejidohistorico.afrodescendientes.com\/index.php\/wp-json\/wp\/v2\/types\/post"}],"author":[{"embeddable":true,"href":"https:\/\/tejidohistorico.afrodescendientes.com\/index.php\/wp-json\/wp\/v2\/users\/2"}],"replies":[{"embeddable":true,"href":"https:\/\/tejidohistorico.afrodescendientes.com\/index.php\/wp-json\/wp\/v2\/comments?post=2107"}],"version-history":[{"count":0,"href":"https:\/\/tejidohistorico.afrodescendientes.com\/index.php\/wp-json\/wp\/v2\/posts\/2107\/revisions"}],"wp:attachment":[{"href":"https:\/\/tejidohistorico.afrodescendientes.com\/index.php\/wp-json\/wp\/v2\/media?parent=2107"}],"wp:term":[{"taxonomy":"category","embeddable":true,"href":"https:\/\/tejidohistorico.afrodescendientes.com\/index.php\/wp-json\/wp\/v2\/categories?post=2107"},{"taxonomy":"post_tag","embeddable":true,"href":"https:\/\/tejidohistorico.afrodescendientes.com\/index.php\/wp-json\/wp\/v2\/tags?post=2107"}],"curies":[{"name":"wp","href":"https:\/\/api.w.org\/{rel}","templated":true}]}}