{"id":211,"date":"2010-06-04T21:14:40","date_gmt":"2010-06-04T21:14:40","guid":{"rendered":"http:\/\/www2.nasaacin.org\/index.php\/2010\/06\/04\/veinte-anos-de-lucha-consecuente-y-construccion-de-propuestas\/"},"modified":"2010-06-04T21:14:40","modified_gmt":"2010-06-04T21:14:40","slug":"veinte-anos-de-lucha-consecuente-y-construccion-de-propuestas","status":"publish","type":"post","link":"https:\/\/tejidohistorico.afrodescendientes.com\/index.php\/2010\/06\/04\/veinte-anos-de-lucha-consecuente-y-construccion-de-propuestas\/","title":{"rendered":"Veinte a\u00f1os de lucha consecuente y construcci\u00f3n de propuestas"},"content":{"rendered":"<p>Hace veinte a\u00f1os, Ecuador y el continente se remecieron con la  irrupci\u00f3n de un actor pol\u00edtico: los pueblos ind\u00edgenas, que un 29 de mayo  de 1990 tomaron la Iglesia de Santo Domingo en Quito para reivindicar  su derecho a la tierra, condenar el modelo agroexportador y rechazar la  contaminaci\u00f3n petrolera en la Amazon\u00eda.<\/p>\n<p>  <!--more-->  <\/p>\n<p>\u00a0<\/p>\n<p>\u00a0<\/p>\n<div>Este primer Levantamiento Ind\u00edgena, que mostr\u00f3 al mundo  que los pueblos originarios pasaban de la resistencia a la propuesta, se  prolong\u00f3 hasta el 11 de junio del mismo a\u00f1o. Desde la Iglesia de Santo  Domingo, los pueblos ind\u00edgenas enviaron una carta al Presidente Rodrigo  Borja, en la que resum\u00edan sus demandas y planteaban la construcci\u00f3n de  un Estado Plurinacional en el Ecuador.<\/div>\n<div>Parte de este Levantamiento Ind\u00edgena que cumple veinte a\u00f1os, fue  el inicio de tomas de tierras, en un hecho que represent\u00f3 una  reivindicaci\u00f3n hist\u00f3rica de los territorios ancestrales de los pueblos  originarios.<\/div>\n<div>A lo largo de los veinte a\u00f1os transcurridos, los pueblos  ind\u00edgenas y su organizaci\u00f3n nacional, la Confederaci\u00f3n de Nacionalidades  Ind\u00edgenas del Ecuador (CONAIE), han persistido en su lucha por el  efectivo ejercicio de sus derechos. As\u00ed lo demuestran los levantamientos  de 1994 en defensa de la Pachamama, del 2001 contra los gobiernos  corruptos, y de este a\u00f1o 2010 en la Movilizaci\u00f3n Plurinacional en  Defensa del Agua, la Vida y la Soberan\u00eda Alimentaria.<\/div>\n<div>Son entonces dos d\u00e9cadas de lucha consecuente y construcci\u00f3n de  propuestas por las que la Coordinadora Andina de Organizaci\u00f3n Andina de  Organizaciones Ind\u00edgenas (CAOI) expresa su saludo a la CONAIE y sus  organizaciones regionales ECUARUNARI (andina), CONFENAIE (amaz\u00f3nica) y  CONAICE (coste\u00f1a) y renueva su compromiso de continuar consolidando  juntos la articulaci\u00f3n ind\u00edgena continental.<\/div>\n<div>La CAOI demanda tambi\u00e9n al gobierno del Ecuador y su Presidente  Rafael Correa, el respeto irrestricto a los derechos de los pueblos  ind\u00edgenas y sus organizaciones, cumpliendo con los postulados de Buen  Vivir y Estado Plurinacional que su Constituci\u00f3n Pol\u00edtica proclama  gracias a la adhesi\u00f3n nacional a una propuesta presentada hace veinte  a\u00f1os por los propios pueblos ind\u00edgenas.<\/div>\n<div>Lima, 04 de junio de 2010<\/div>\n<div>Miguel Palac\u00edn Quispe<\/div>\n<div>Coordinador General CAOI<\/div>\n","protected":false},"excerpt":{"rendered":"<p>Hace veinte a\u00f1os, Ecuador y el continente se remecieron con la irrupci\u00f3n de un actor pol\u00edtico: los pueblos ind\u00edgenas, que un 29 de mayo de 1990 tomaron la Iglesia de Santo Domingo [&hellip;]<\/p>\n","protected":false},"author":1,"featured_media":0,"comment_status":"open","ping_status":"open","sticky":false,"template":"","format":"standard","meta":[],"categories":[3],"tags":[],"_links":{"self":[{"href":"https:\/\/tejidohistorico.afrodescendientes.com\/index.php\/wp-json\/wp\/v2\/posts\/211"}],"collection":[{"href":"https:\/\/tejidohistorico.afrodescendientes.com\/index.php\/wp-json\/wp\/v2\/posts"}],"about":[{"href":"https:\/\/tejidohistorico.afrodescendientes.com\/index.php\/wp-json\/wp\/v2\/types\/post"}],"author":[{"embeddable":true,"href":"https:\/\/tejidohistorico.afrodescendientes.com\/index.php\/wp-json\/wp\/v2\/users\/1"}],"replies":[{"embeddable":true,"href":"https:\/\/tejidohistorico.afrodescendientes.com\/index.php\/wp-json\/wp\/v2\/comments?post=211"}],"version-history":[{"count":0,"href":"https:\/\/tejidohistorico.afrodescendientes.com\/index.php\/wp-json\/wp\/v2\/posts\/211\/revisions"}],"wp:attachment":[{"href":"https:\/\/tejidohistorico.afrodescendientes.com\/index.php\/wp-json\/wp\/v2\/media?parent=211"}],"wp:term":[{"taxonomy":"category","embeddable":true,"href":"https:\/\/tejidohistorico.afrodescendientes.com\/index.php\/wp-json\/wp\/v2\/categories?post=211"},{"taxonomy":"post_tag","embeddable":true,"href":"https:\/\/tejidohistorico.afrodescendientes.com\/index.php\/wp-json\/wp\/v2\/tags?post=211"}],"curies":[{"name":"wp","href":"https:\/\/api.w.org\/{rel}","templated":true}]}}