{"id":2172,"date":"2011-07-27T21:30:16","date_gmt":"2011-07-27T21:30:16","guid":{"rendered":"http:\/\/www2.nasaacin.org\/index.php\/2011\/07\/27\/informe-especial-sobre-los-parques-naturales-de-america-latina-que-estan-en-peligro-por-la-mineria\/"},"modified":"2011-07-27T21:30:16","modified_gmt":"2011-07-27T21:30:16","slug":"informe-especial-sobre-los-parques-naturales-de-america-latina-que-estan-en-peligro-por-la-mineria","status":"publish","type":"post","link":"https:\/\/tejidohistorico.afrodescendientes.com\/index.php\/2011\/07\/27\/informe-especial-sobre-los-parques-naturales-de-america-latina-que-estan-en-peligro-por-la-mineria\/","title":{"rendered":"Informe especial sobre los parques naturales de Am\u00e9rica Latina que est\u00e1n en peligro por la miner\u00eda"},"content":{"rendered":"<p \/>Los ecosistemas latinoamericanos est\u00e1n en riesgo por el avance de la miner\u00eda, especialmente aur\u00edfera.   <!--more-->  <\/p>\n<p>La explotaci\u00f3n aur\u00edfera se ha convertido en una fuerte amenaza para los recursos naturales de Am\u00e9rica Latina, incluso est\u00e1 afectando las zonas que han sido declaradas parques y\/o reservas naturales, por su biodiversidad y, en algunos casos, por la importancia cultural y \u00e9tnica que encierran.<\/p>\n<p>Algunos de estos hechos se presentan en los parques Yasun\u00ed en Ecuador y Yaigoj\u00e9 Apaporis en Colombia, las regiones de San Luis de Potos\u00ed en M\u00e9xico, y Cajamarca y Madre de Dios en Per\u00fa.<\/p>\n<p>En todos estos territorios, grandes empresas y peque\u00f1os explotadores est\u00e1n afectando los ecosistemas para obtener el preciado metal que se exporta y se convierte en el respaldo de monedas como el d\u00f3lar, seg\u00fan plantean expertos en el tema como el ge\u00f3logo colombiano Julio Fierro, quien adem\u00e1s afirma que la escasez de buenos yacimientos en el resto del mundo hace que los ojos de las grandes compa\u00f1\u00edas mineras se posen en los pa\u00edses tercermundistas.<\/p>\n<p>Pero no se trata solo de la extracci\u00f3n de un mineral; el costo ambiental es elevado para las naciones en donde est\u00e1n los yacimientos y tendr\u00e1 graves consecuencias a futuro, pues al devastarse los bosques se reducen el agua y la calidad del aire. Tambi\u00e9n se afectan los recursos h\u00eddricos subterr\u00e1neos.<\/p>\n<p>Esto influye directamente en la existencia de algunas especies animales y vegetales, y pone en riesgo el abastecimiento alimentario de la regi\u00f3n, pues los suelos que eran antes para agricultura ahora tienden a ser explotados en busca de minerales.<\/p>\n<p>Alisos prepar\u00f3 un completo informe sobre esta situaci\u00f3n que tiene en alerta a ambientalistas, organizaciones de la sociedad civil y\u00a0 organismos de los pa\u00edses afectados. Invitamos a su lectura descargando el siguiente documento.<\/p>\n<p><a href=\"http:\/\/www.alisos.net\/es\/component\/docman\/doc_download\/38-mineria-amenaza-para-la-diversidad-ecologica-y-cultural-de-america-latina\">http:\/\/www.alisos.net\/es\/component\/docman\/doc_download\/38-mineria-amenaza-para-la-diversidad-ecologica-y-cultural-de-america-latina<\/a><\/p>\n<p><strong>ALISOS<\/strong><\/p>\n<p><a href=\"http:\/\/www.alisos.net\/es\/sostenibilidad20\/7-medio-ambiente-y-naturaleza\/568-informe-especial-sobre-los-parques-naturales-de-america-latina-que-estan-en-peligro-por-la-mineria\">http:\/\/www.alisos.net\/es\/sostenibilidad20\/7-medio-ambiente-y-naturaleza\/568-informe-especial-sobre-los-parques-naturales-de-america-latina-que-estan-en-peligro-por-la-mineria<\/a><\/p>\n","protected":false},"excerpt":{"rendered":"<p>Los ecosistemas latinoamericanos est\u00e1n en riesgo por el avance de la miner\u00eda, especialmente aur\u00edfera.<\/p>\n","protected":false},"author":2,"featured_media":0,"comment_status":"open","ping_status":"open","sticky":false,"template":"","format":"standard","meta":[],"categories":[75],"tags":[],"_links":{"self":[{"href":"https:\/\/tejidohistorico.afrodescendientes.com\/index.php\/wp-json\/wp\/v2\/posts\/2172"}],"collection":[{"href":"https:\/\/tejidohistorico.afrodescendientes.com\/index.php\/wp-json\/wp\/v2\/posts"}],"about":[{"href":"https:\/\/tejidohistorico.afrodescendientes.com\/index.php\/wp-json\/wp\/v2\/types\/post"}],"author":[{"embeddable":true,"href":"https:\/\/tejidohistorico.afrodescendientes.com\/index.php\/wp-json\/wp\/v2\/users\/2"}],"replies":[{"embeddable":true,"href":"https:\/\/tejidohistorico.afrodescendientes.com\/index.php\/wp-json\/wp\/v2\/comments?post=2172"}],"version-history":[{"count":0,"href":"https:\/\/tejidohistorico.afrodescendientes.com\/index.php\/wp-json\/wp\/v2\/posts\/2172\/revisions"}],"wp:attachment":[{"href":"https:\/\/tejidohistorico.afrodescendientes.com\/index.php\/wp-json\/wp\/v2\/media?parent=2172"}],"wp:term":[{"taxonomy":"category","embeddable":true,"href":"https:\/\/tejidohistorico.afrodescendientes.com\/index.php\/wp-json\/wp\/v2\/categories?post=2172"},{"taxonomy":"post_tag","embeddable":true,"href":"https:\/\/tejidohistorico.afrodescendientes.com\/index.php\/wp-json\/wp\/v2\/tags?post=2172"}],"curies":[{"name":"wp","href":"https:\/\/api.w.org\/{rel}","templated":true}]}}