{"id":2209,"date":"2011-08-06T15:23:19","date_gmt":"2011-08-06T15:23:19","guid":{"rendered":"http:\/\/www2.nasaacin.org\/index.php\/2011\/08\/06\/espana-comunicado-del-15-m\/"},"modified":"2011-08-06T15:23:19","modified_gmt":"2011-08-06T15:23:19","slug":"espana-comunicado-del-15-m","status":"publish","type":"post","link":"https:\/\/tejidohistorico.afrodescendientes.com\/index.php\/2011\/08\/06\/espana-comunicado-del-15-m\/","title":{"rendered":"Espa\u00f1a: Comunicado del 15-M"},"content":{"rendered":"<p \/>Ante todo, reiteramos que el 15M es un\u00a0 movimiento pac\u00edfico. Utilizamos  los derechos de concentraci\u00f3n, manifestaci\u00f3n, reuni\u00f3n y libertad de  expresi\u00f3n, y los poderes p\u00fablicos han hecho una interpretaci\u00f3n  restrictiva de todos estos derechos desde el principio.  <!--more-->  <\/p>\n<p>\u00a0<\/p>\n<h2>Comunicado de Legal de Acampada Sol en la rueda de prensa del 5 de agosto<\/h2>\n<p>Ante todo, reiteramos que el 15M es un\u00a0 movimiento pac\u00edfico. Utilizamos los derechos de concentraci\u00f3n, manifestaci\u00f3n, reuni\u00f3n y libertad de expresi\u00f3n, y los poderes p\u00fablicos han hecho una interpretaci\u00f3n restrictiva de todos estos derechos desde el principio.<\/p>\n<p>En Madrid, desde hace unas semanas, se suma el hecho de que hay una injustificada desproporci\u00f3n en la respuesta por parte del Ministerio del Interior, manifestada en:<\/p>\n<p> Levantar un Punto de Informaci\u00f3n, que ya era lo poco que hab\u00eda en Sol tras la decisi\u00f3n de trasladarnos y actuar\u00a0 en los barrios y pueblos de Madrid cotidianamente. La Delegaci\u00f3n del Gobierno en la capital ha vulnerado un derecho fundamental, como es el de la libre circulaci\u00f3n, causando perjuicios a los vecinos y usuarios del centro de Madrid.\u00a0 Y se nos ha intentado hacer responsables del no acceso a los comercios, cuando la responsabilidad es de la polic\u00eda que, siguiendo las \u00f3rdenes de la Delegaci\u00f3n, impide dicho acceso.<\/p>\n<p>Disolver una manifestaci\u00f3n haciendo un uso desmedido, il\u00edcito e ileg\u00edtimo de la fuerza, sobre todo si tenemos en cuenta que somos un movimiento pac\u00edfico. Siendo el 15 M un movimiento formado por personas de diferentes procedencias y edades, la actuaci\u00f3n policial desmesurada\u00a0 hizo que las personas no pudieran dispersarse voluntariamente. Fruto de todo ello fue que numerosos individuos de avanzada edad, con dificultades para desenvolverse con agilidad en este tipo de situaciones, fueran golpeados repentinamente. La virulencia con que actu\u00f3 la polic\u00eda en la madrugada del 4 al 5 de Agosto, atenta contra los criterios de la proporcionalidad y oportunidad que deben presidir las actuaciones de los Cuerpos y Fuerzas de Seguridad del Estado. Dicha actuaci\u00f3n debi\u00f3 ser evitada.<\/p>\n<p>La actuaci\u00f3n de la polic\u00eda en las sucesivas cargas fue tan irregular que van a ser presentadas denuncias por los hechos acaecidos durante la citada madrugada, con la dificultad de que los agentes de la UIP no lleven las identificaciones reglamentarias en sus uniformes o se nieguen a dar sus n\u00fameros.<\/p>\n<p>Exigimos que Delegaci\u00f3n del Gobierno de Madrid, en lugar de ordenar que sean reprimidos los ciudadanos, asegure la convivencia ciudadana, la erradicaci\u00f3n de la violencia y el uso pac\u00edfico de las v\u00edas y espacios p\u00fablicos. Lo parad\u00f3jico es que lo exigido es otra cosa que lo expresado en un extracto del Art\u00edculo 1 de la Ley de Cuerpos de Seguridad del Estado, y que quien debiera velar por su cumplimiento. Sin embargo, ha cerrado los espacios p\u00fablicos y reprimido violentamente el ejercicio pac\u00edfico del derecho de manifestaci\u00f3n.<br \/><strong><br \/>Requerimos:<\/strong><\/p>\n<p> La inmediata dimisi\u00f3n de la Delegada del Gobierno de la Comunidad de Madrid, Do\u00f1a M\u00aa Dolores Carri\u00f3n Mart\u00edn, as\u00ed como del Ministro del Interior, Don Antonio Camacho Vizca\u00edno, por la manifiesta ineficacia de ambos en el ejercicio de sus funciones.<\/p>\n<p>La retirada de los cuerpos policiales que en este momento est\u00e1n ocupando la Puerta del Sol de Madrid, dada la flagrante vulneraci\u00f3n de derechos que ello supone. As\u00ed, el centro de la ciudad podr\u00e1 recuperar su normalidad, saliendo del estado excepcional en que lo han convertido los poderes p\u00fablicos.<\/p>\n<p>Que se depuren responsabilidades por la actuaci\u00f3n policial de la madrugada del 4 al 5 de Agosto, identificando a los responsables y tomando todas las medidas pertinentes.<\/p>\n<p>Queremos recordar a todos los ciudadanos que hayan resultado agredidos por la polic\u00eda en d\u00edas pasados que pueden dirigirse a la Comisi\u00f3n de Legal de Asamblea Sol para recibir asesoramiento sobre las acciones legales a tomar. Animamos tambi\u00e9n a que cualquiera que presencie o sufra un abuso por parte de las Fuerzas de Seguridad, incluidas las vulneraciones de derechos mencionadas anteriormente, lo denuncie o se dirija a esta comisi\u00f3n.<\/p>\n<p>Contacto:<\/p>\n<p><a href=\"mailto:legal@spanishrevolution.net\">legal@spanishrevolution.net<\/a><\/p>\n<p><a href=\"http:\/\/madrid.tomalaplaza.net\/category\/comisiones\/legal\">http:\/\/madrid.tomalaplaza.net\/category\/comisiones\/legal<\/a><\/p>\n","protected":false},"excerpt":{"rendered":"<p>Ante todo, reiteramos que el 15M es un\u00a0 movimiento pac\u00edfico. Utilizamos los derechos de concentraci\u00f3n, manifestaci\u00f3n, reuni\u00f3n y libertad de expresi\u00f3n, y los poderes p\u00fablicos han hecho una interpretaci\u00f3n restrictiva de todos [&hellip;]<\/p>\n","protected":false},"author":2,"featured_media":0,"comment_status":"open","ping_status":"open","sticky":false,"template":"","format":"standard","meta":[],"categories":[75],"tags":[],"_links":{"self":[{"href":"https:\/\/tejidohistorico.afrodescendientes.com\/index.php\/wp-json\/wp\/v2\/posts\/2209"}],"collection":[{"href":"https:\/\/tejidohistorico.afrodescendientes.com\/index.php\/wp-json\/wp\/v2\/posts"}],"about":[{"href":"https:\/\/tejidohistorico.afrodescendientes.com\/index.php\/wp-json\/wp\/v2\/types\/post"}],"author":[{"embeddable":true,"href":"https:\/\/tejidohistorico.afrodescendientes.com\/index.php\/wp-json\/wp\/v2\/users\/2"}],"replies":[{"embeddable":true,"href":"https:\/\/tejidohistorico.afrodescendientes.com\/index.php\/wp-json\/wp\/v2\/comments?post=2209"}],"version-history":[{"count":0,"href":"https:\/\/tejidohistorico.afrodescendientes.com\/index.php\/wp-json\/wp\/v2\/posts\/2209\/revisions"}],"wp:attachment":[{"href":"https:\/\/tejidohistorico.afrodescendientes.com\/index.php\/wp-json\/wp\/v2\/media?parent=2209"}],"wp:term":[{"taxonomy":"category","embeddable":true,"href":"https:\/\/tejidohistorico.afrodescendientes.com\/index.php\/wp-json\/wp\/v2\/categories?post=2209"},{"taxonomy":"post_tag","embeddable":true,"href":"https:\/\/tejidohistorico.afrodescendientes.com\/index.php\/wp-json\/wp\/v2\/tags?post=2209"}],"curies":[{"name":"wp","href":"https:\/\/api.w.org\/{rel}","templated":true}]}}