{"id":2216,"date":"2011-08-06T17:14:53","date_gmt":"2011-08-06T17:14:53","guid":{"rendered":"http:\/\/www2.nasaacin.org\/index.php\/2011\/08\/06\/cauca-por-nuestra-madre-tierra-y-el-territorio-hasta-la-vida-misma\/"},"modified":"2011-08-06T17:14:53","modified_gmt":"2011-08-06T17:14:53","slug":"cauca-por-nuestra-madre-tierra-y-el-territorio-hasta-la-vida-misma","status":"publish","type":"post","link":"https:\/\/tejidohistorico.afrodescendientes.com\/index.php\/2011\/08\/06\/cauca-por-nuestra-madre-tierra-y-el-territorio-hasta-la-vida-misma\/","title":{"rendered":"Cauca: Por nuestra Madre Tierra y el territorio hasta la vida misma"},"content":{"rendered":"<\/p>\n<p \/>Nos asiste el compromiso ancestral y milenario de cuidar y proteger a  nuestra Madre Tierra y el Territorio porque de ah\u00ed se deriva toda la  vida. Que Colombia y el mundo sepa y entienda que cuando los ind\u00edgenas  actuamos en funci\u00f3n de proteger nuestra casa grande (el territorio) no  solo estamos actuando a favor nuestro, lo hacemos tambi\u00e9n para el bien  de toda la humanidad.  <!--more-->  <\/p>\n<p>\u00a0<\/p>\n<h2>Cauca: Por nuestra Madre Tierra y el territorio hasta la vida misma<\/h2>\n<p>Nos asiste el compromiso ancestral y milenario de cuidar y proteger a nuestra Madre Tierra y el Territorio porque de ah\u00ed se deriva toda la vida. Que Colombia y el mundo sepa y entienda que cuando los ind\u00edgenas actuamos en funci\u00f3n de proteger nuestra casa grande (el territorio) no solo estamos actuando a favor nuestro, lo hacemos tambi\u00e9n para el bien de toda la humanidad, por esto reiteramos que haremos valer sin excepciones nuestro derecho a la autonom\u00eda, exigiendo de todos los actores armados; legales e ilegales, y fuerzas ajenas a nuestras comunidades que llegan a desarmonizar la vida, el respeto a nuestros territorios, a nuestras autoridades, a nuestras formas de organizaci\u00f3n pol\u00edtica, econ\u00f3mica, social y de justicia, a nuestros procesos para la toma de decisiones y a las formas de ejecuci\u00f3n de las mismas.<\/p>\n<p>Desde este compromiso comunitario y mandato ancestral, y con el prop\u00f3sito de poner en marcha la Declaraci\u00f3n expedida por las Autoridades Ind\u00edgenas del Cauca el d\u00eda 20 de julio del a\u00f1o 2011 en Toribio Cauca, se pone en camino las actividades establecidas en el marco de la MINGA DE RESISTENCIA POR LA AUTONOM\u00cdA Y ARMON\u00cdA TERRITORIAL Y POR EL CESE A LA GUERRA EN NUESTROS TERRITORIOS.<\/p>\n<p>En este sentido, las comunidades y autoridades tradicionales han acordado adelantar actividades pol\u00edticas y comunitarias en la regi\u00f3n las cuales tienen que ver con:<\/p>\n<p><strong>Pr\u00e1cticas comunitarias de control territorial y propuesta pol\u00edtica:<\/strong><\/p>\n<p> Concentraci\u00f3n de las comunidades y autoridades ind\u00edgenas los d\u00edas 21, 22 y 23 de agosto de 2011en la vereda el Tierrero resguardo ind\u00edgena de Huellas Caloto, con el fin de instalar y activar los puntos de control que van a funcionar en los territorios ind\u00edgenas del departamento del Cauca por un lado, y por el otro, convocar al gobierno nacional y a la guerrilla a debates p\u00fablicos de connotaci\u00f3n humanitaria y pol\u00edtica para detener la confrontaci\u00f3n armada dentro de los territorios y buscar mecanismos para encontrar una salida negociada a la guerra.<\/p>\n<p> Transcurridos 20 d\u00edas de estas primeras actividades, se activaran las Mingas de Recorrido Territorial\u00a0 las cuales tienen que ver, para el caso del norte del Cauca, caminar las 324 veredas que conforman el territorio de la CXHAB WALA KIWE (el gran territorio Nasa). Los objetivos del recorrido territorial est\u00e1n dirigidas a exigirle a los actores armados que devuelvan a las comunidades a los ni\u00f1os y ni\u00f1as reclutados, el desmonte de bases, campamentos y trincheras, as\u00ed como la salida de en medio de la poblaci\u00f3n civil, exigencias todas que lo haremos fundamentados en el Derecho Propio, el derecho internacional humanitario, DIH, y en la consulta previa contenidos en el Convenio 169 de la OIT, Ley 21 de 1.991, entre otras. <\/p>\n<p>Previa evaluaci\u00f3n de estas actividades, y despu\u00e9s de confrontar los resultados de las mismas, se activara la segunda fase de la Minga la cual tiene que ver con actividades de:<\/p>\n<p>Desmilitarizaci\u00f3n de los territorios ind\u00edgenas y freno a la confrontaci\u00f3n armada.<\/p>\n<p>\u2022\u00a0\u00a0\u00a0 Tiene que ver con la realizaci\u00f3n de Mingas dirigidas a desmontar las trincheras, bases y campamentos militares instalados o en proceso dentro de los territorios ind\u00edgenas.<br \/>\u2022\u00a0\u00a0\u00a0 Actuar fundamentados en el Derecho Propio respecto a las milicias e informantes que operan al interior de los territorios a favor de uno y otro actor armado.<br \/>\u2022\u00a0\u00a0\u00a0 Actuar en t\u00e9rminos de buscar alternativas previa consulta con las comunidades para superar la problem\u00e1tica generada por el narcotr\u00e1fico.<\/p>\n<p>Consientes que todas estas actividades contenidas en la Declaraci\u00f3n representa un alto riesgo para las comunidades, autoridades, guardias ind\u00edgenas, lideres, mayores y hombres y mujeres ind\u00edgenas comprometidos con esta Minga, en este sentido, convocamos a todas las fuerzas vivas del orden nacional e internacional, comprometidos en apoyar iniciativas reales de paz desde los pueblos, a acompa\u00f1arnos en esta dif\u00edcil pero necesaria labor que estamos haciendo en el departamento del Cauca.<\/p>\n<p>Reiteramos una vez m\u00e1s que hasta el momento no hemos encontrado respuesta favorable de parte del gobierno como lo hemos propuesto las comunidades en t\u00e9rminos de protecci\u00f3n como esta establecido en m\u00faltiples normas nacionales e internacionales, contrario a esto el gobierno opta por la v\u00eda de la militarizaci\u00f3n y confrontaci\u00f3n armada para darle soluci\u00f3n al problema social que nos aqueja. <\/p>\n<p><strong>COMUNIDADES, AUTORIDADES, MAYORES, HOMBRES Y MUEJERES AGRUPADAS EN LA ASOCIACION DE CABILDOS INDIGENAS DEL NORTE DEL CAUCA, ACIN CXHAB WALA KIWE, Y EN EL CONSEJO REGIONAL INDIGENA DEL CAUCA &#8211; CRIC.<\/strong><\/p>\n<p>Territorios ind\u00edgenas del departamento del Cauca, agosto 04 de 2011.<\/p>\n","protected":false},"excerpt":{"rendered":"<p>Nos asiste el compromiso ancestral y milenario de cuidar y proteger a nuestra Madre Tierra y el Territorio porque de ah\u00ed se deriva toda la vida. Que Colombia y el mundo sepa [&hellip;]<\/p>\n","protected":false},"author":2,"featured_media":2215,"comment_status":"open","ping_status":"open","sticky":false,"template":"","format":"standard","meta":[],"categories":[75],"tags":[],"_links":{"self":[{"href":"https:\/\/tejidohistorico.afrodescendientes.com\/index.php\/wp-json\/wp\/v2\/posts\/2216"}],"collection":[{"href":"https:\/\/tejidohistorico.afrodescendientes.com\/index.php\/wp-json\/wp\/v2\/posts"}],"about":[{"href":"https:\/\/tejidohistorico.afrodescendientes.com\/index.php\/wp-json\/wp\/v2\/types\/post"}],"author":[{"embeddable":true,"href":"https:\/\/tejidohistorico.afrodescendientes.com\/index.php\/wp-json\/wp\/v2\/users\/2"}],"replies":[{"embeddable":true,"href":"https:\/\/tejidohistorico.afrodescendientes.com\/index.php\/wp-json\/wp\/v2\/comments?post=2216"}],"version-history":[{"count":0,"href":"https:\/\/tejidohistorico.afrodescendientes.com\/index.php\/wp-json\/wp\/v2\/posts\/2216\/revisions"}],"wp:featuredmedia":[{"embeddable":true,"href":"https:\/\/tejidohistorico.afrodescendientes.com\/index.php\/wp-json\/wp\/v2\/media\/2215"}],"wp:attachment":[{"href":"https:\/\/tejidohistorico.afrodescendientes.com\/index.php\/wp-json\/wp\/v2\/media?parent=2216"}],"wp:term":[{"taxonomy":"category","embeddable":true,"href":"https:\/\/tejidohistorico.afrodescendientes.com\/index.php\/wp-json\/wp\/v2\/categories?post=2216"},{"taxonomy":"post_tag","embeddable":true,"href":"https:\/\/tejidohistorico.afrodescendientes.com\/index.php\/wp-json\/wp\/v2\/tags?post=2216"}],"curies":[{"name":"wp","href":"https:\/\/api.w.org\/{rel}","templated":true}]}}